{"id":8616,"date":"2021-09-23T01:51:36","date_gmt":"2021-09-23T01:51:36","guid":{"rendered":"http:\/\/www.detalpalonoticias.com.ar\/wp\/?p=8616"},"modified":"2021-10-22T19:51:57","modified_gmt":"2021-10-22T19:51:57","slug":"el-nuevo-piso-para-pagar-el-impuesto-a-las-ganancias-sera-de-175-000","status":"publish","type":"post","link":"https:\/\/www.detalpalonoticias.com.ar\/wp\/el-nuevo-piso-para-pagar-el-impuesto-a-las-ganancias-sera-de-175-000\/","title":{"rendered":"El nuevo piso para pagar el Impuesto a las Ganancias ser\u00e1 de $175.000"},"content":{"rendered":"\n<p><strong>El Gobierno nacional inform\u00f3 a \u00faltima hora de este mi\u00e9rcoles que decidi\u00f3 subir el piso a partir del cual los asalariados pagan el Impuesto a las Ganancias.\u00a0<\/strong><\/p>\n\n\n\n<p>El Decreto se publicar\u00e1 ma\u00f1ana jueves en el Bolet\u00edn Oficial.<\/p>\n\n\n\n<p>Seg\u00fan trascendi\u00f3, las y los trabajadores que a partir del corriente mes de septiembre perciban una&nbsp;<strong>remuneraci\u00f3n bruta mensual de hasta $175 mil, no pagar\u00e1n el impuesto y gozar\u00e1n, adem\u00e1s, de la exenci\u00f3n del Sueldo Anual Complementario (SAC) de diciembre.<\/strong><\/p>\n\n\n\n<p>La medida incrementa el piso de $150 mil y el umbral de $173 mil a $175 y $203 mil, respectivamente.&nbsp;<strong>Tambi\u00e9n exime del pago del Sueldo Anual Complementario a las y los trabajadores cuya remuneraci\u00f3n promedio del segundo semestre no supere los $175 mil<\/strong><\/p>\n\n\n\n<p>Con la actualizaci\u00f3n, s<strong>e precis\u00f3 que el 1.267.000 personas que dejaron de pagar el Impuesto a las Ganancias cuando se aprob\u00f3 la ley en abril seguir\u00e1n sin pagar el impuesto.<\/strong><\/p>\n\n\n\n<p>\u00abDe esta manera,&nbsp;<strong>el aumento de las paritarias no afectar\u00e1 el alivio fiscal impulsado por el gobierno y solo seguir\u00e1n pagando aproximadamente el 10% de los trabajadores\u00bb, indicaron fuentes gubernamentales.<\/strong><\/p>\n\n\n\n<p>Entre los fundamentos de la medida, se explic\u00f3 que se apunta a&nbsp;<strong>\u00abfortalecer el poder adquisitivo de los y las contribuyentes del impuesto y de sus familias y, con ello, la consolidaci\u00f3n de la demanda y del mercado interno\u00bb.<\/strong><\/p>\n\n\n\n<p>Asimismo,<strong>&nbsp;se busca que durante 2021 no aumenten, como consecuencia del crecimiento de los salarios nominales, las personas alcanzadas este a\u00f1o por el tributo.&nbsp;<\/strong><\/p>\n\n\n\n<h3 class=\"wp-block-heading\">Reforma progresiva<\/h3>\n\n\n\n<p>La informaci\u00f3n que trascendi\u00f3 este mi\u00e9rcoles indica que la&nbsp;<strong>reforma de Ganancias llevada a cabo por el Gobierno nacional busca ser \u00absustentable y progresiva\u00bb.<\/strong><\/p>\n\n\n\n<p>\u00abDurante la administraci\u00f3n de Juntos por el Cambio se duplicaron los trabajadores y trabajadoras alcanzados por este impuesto, La Ley busc\u00f3 volver a los niveles anteriores al per\u00edodo 2015-2019, y que 1,3 millones de trabajadores dejen de pagar el tributo. Tambi\u00e9n permiti\u00f3 que solo el 10% de los trabajadores registrados en relaci\u00f3n de dependencia paguen el impuesto\u00bb, aseguraron las mismas fuentes del Gobierno nacional, al tiempo que adelantaron:&nbsp;&nbsp;<strong>\u00abEl m\u00ednimo no imponible del impuesto, todas las deducciones y las escalas del impuesto volver\u00e1n a actualizarse a partir del 1 de enero del 2022, en funci\u00f3n de la evoluci\u00f3n de los salarios\u00bb<\/strong><\/p>\n","protected":false},"excerpt":{"rendered":"<p>El Gobierno nacional inform\u00f3 a \u00faltima hora de este mi\u00e9rcoles que decidi\u00f3 subir el piso a partir del cual los asalariados pagan el Impuesto a las Ganancias.\u00a0 El Decreto se&hellip;<\/p>\n","protected":false},"author":4,"featured_media":8617,"comment_status":"closed","ping_status":"closed","sticky":false,"template":"","format":"standard","meta":{"jetpack_publicize_message":"","jetpack_is_tweetstorm":false,"jetpack_publicize_feature_enabled":true,"jetpack_social_post_already_shared":true,"jetpack_social_options":{"image_generator_settings":{"template":"highway","enabled":false}}},"categories":[291,1],"tags":[],"jetpack_publicize_connections":[],"jetpack_featured_media_url":"https:\/\/i0.wp.com\/www.detalpalonoticias.com.ar\/wp\/wp-content\/uploads\/2021\/09\/impuestos-a-las-ganancias-2.jpg?fit=600%2C365&ssl=1","jetpack_sharing_enabled":true,"_links":{"self":[{"href":"https:\/\/www.detalpalonoticias.com.ar\/wp\/wp-json\/wp\/v2\/posts\/8616"}],"collection":[{"href":"https:\/\/www.detalpalonoticias.com.ar\/wp\/wp-json\/wp\/v2\/posts"}],"about":[{"href":"https:\/\/www.detalpalonoticias.com.ar\/wp\/wp-json\/wp\/v2\/types\/post"}],"author":[{"embeddable":true,"href":"https:\/\/www.detalpalonoticias.com.ar\/wp\/wp-json\/wp\/v2\/users\/4"}],"replies":[{"embeddable":true,"href":"https:\/\/www.detalpalonoticias.com.ar\/wp\/wp-json\/wp\/v2\/comments?post=8616"}],"version-history":[{"count":1,"href":"https:\/\/www.detalpalonoticias.com.ar\/wp\/wp-json\/wp\/v2\/posts\/8616\/revisions"}],"predecessor-version":[{"id":8618,"href":"https:\/\/www.detalpalonoticias.com.ar\/wp\/wp-json\/wp\/v2\/posts\/8616\/revisions\/8618"}],"wp:featuredmedia":[{"embeddable":true,"href":"https:\/\/www.detalpalonoticias.com.ar\/wp\/wp-json\/wp\/v2\/media\/8617"}],"wp:attachment":[{"href":"https:\/\/www.detalpalonoticias.com.ar\/wp\/wp-json\/wp\/v2\/media?parent=8616"}],"wp:term":[{"taxonomy":"category","embeddable":true,"href":"https:\/\/www.detalpalonoticias.com.ar\/wp\/wp-json\/wp\/v2\/categories?post=8616"},{"taxonomy":"post_tag","embeddable":true,"href":"https:\/\/www.detalpalonoticias.com.ar\/wp\/wp-json\/wp\/v2\/tags?post=8616"}],"curies":[{"name":"wp","href":"https:\/\/api.w.org\/{rel}","templated":true}]}}