{"id":7891,"date":"2021-06-09T13:19:11","date_gmt":"2021-06-09T13:19:11","guid":{"rendered":"http:\/\/www.detalpalonoticias.com.ar\/wp\/?p=7891"},"modified":"2021-06-23T13:07:06","modified_gmt":"2021-06-23T13:07:06","slug":"super-cerca-los-precios-estaran-impresos-en-las-etiquetas","status":"publish","type":"post","link":"https:\/\/www.detalpalonoticias.com.ar\/wp\/super-cerca-los-precios-estaran-impresos-en-las-etiquetas\/","title":{"rendered":"S\u00faper Cerca: los precios estar\u00e1n impresos en las etiquetas."},"content":{"rendered":"\n<p>El Gobierno lanz\u00f3 el programa que mantendr\u00e1 el precio por seis meses de los 70 productos inicales\u00a0compuesta por alimentos, bebidas, art\u00edculos de limpieza e higiene personal. El precio estar\u00e1 impreso sobre las etiquetas para garantizar la informaci\u00f3n a los consumidores.<\/p>\n\n\n\n<figure class=\"wp-block-embed-youtube wp-block-embed is-type-video is-provider-youtube wp-embed-aspect-16-9 wp-has-aspect-ratio\"><div class=\"wp-block-embed__wrapper\">\n<iframe loading=\"lazy\" title=\"El Gobierrno lanz\u00f3 S\u00faper Cerca que contar\u00e1 con 70 productos con precios fijos en todo el pa\u00eds\" width=\"640\" height=\"360\" src=\"https:\/\/www.youtube.com\/embed\/92qaCj3bxJo?start=151&#038;feature=oembed\" frameborder=\"0\" allow=\"accelerometer; autoplay; clipboard-write; encrypted-media; gyroscope; picture-in-picture\" allowfullscreen><\/iframe>\n<\/div><\/figure>\n\n\n\n<p>El ministro de Desarrollo Productivo, Mat\u00edas Kulfas, y la secretar\u00eda de Comercio Interior, Paula Espa\u00f1ol, presentaron el programa S\u00faper Cerca, con consta de una canasta de 70 productos de primera necesidad con precios congelados hasta fin de a\u00f1o que estar\u00e1 disponible en todo el pa\u00eds en comercios de cercan\u00edas y en las grandes cadenas de supermercados.<\/p>\n\n\n\n<p>Kulfas, en una conferencia de prensa brindada este martes en Casa de Gobierno, dijo que el nuevo programa permitir\u00e1 \u00abllegar a la globalidad del comercio minorista de la Argentina\u00bb y que su concreci\u00f3n fue posible a partir de una \u00abconcertaci\u00f3n de precios\u00bb alcanzada con las principales empresas del pa\u00eds.<\/p>\n\n\n\n<p><strong>La canasta de 70 productos estar\u00e1 compuesta por alimentos, bebidas, art\u00edculos de limpieza e higiene personal, con una oferta de \u00abprecios accesibles y claros\u00bb<\/strong>, subray\u00f3 el ministro.<\/p>\n\n\n\n<p>Kulfas sostuvo que el nuevo programa complementa \u00abal de Precios Cuidados, que llega al 33 por ciento de los comercios\u00bb, y con \u00e9ste \u00abse busca llegar a los de proximidad\u00bb, con&nbsp;<strong>el detalle de que los precios de los art\u00edculos estar\u00e1n impresos para informaci\u00f3n de los consumidores.<\/strong><\/p>\n\n\n\n<p>Por otra parte,&nbsp;<strong>Kulfas confirm\u00f3 la finalizaci\u00f3n del programa Precios M\u00e1ximos, lanzado en el comienzo de la pandemia de coronavirus<\/strong>, \u00abporque fue una medida provisoria que empez\u00f3 a desarmarse en noviembre de 2020\u00bb, para ser sustituido \u00abpor otros como Precios Cuidados y ahora con S\u00faper Cerca\u00bb.<\/p>\n\n\n\n<p>Al igual que en otras oportunidades, el funcionario enfatiz\u00f3 que la inflaci\u00f3n es de car\u00e1cter \u00abmulticausal\u00bb y record\u00f3 que la actual administraci\u00f3n comenz\u00f3 \u00abcon una macroeconom\u00eda fuertemente desordenada\u00bb cuando asumi\u00f3 en diciembre de 2019, que cerr\u00f3 con \u00abuna inflaci\u00f3n del 53,8 por ciento\u00bb e inici\u00f3 \u00abuna estrategia de desinflaci\u00f3n paulatina\u00bb.<\/p>\n\n\n\n<p>\u00abEs un problema suficientemente complicado y frente a esto no alcanzan las soluciones m\u00e1gicas ni voluntaristas\u00bb, se\u00f1al\u00f3 el ministro, y agreg\u00f3 que el Gobierno anterior \u00abcomenz\u00f3 planteando que la inflaci\u00f3n era un problema muy f\u00e1cil, el m\u00e1s sencillo que hab\u00eda para resolver, y termin\u00f3 finalizando ese mandato de gobierno con el doble de inflaci\u00f3n que la que hab\u00eda iniciado\u00bb.<\/p>\n\n\n\n<p>\u00abEn 2020 tuvimos un buen resultado de la reducci\u00f3n de la inflaci\u00f3n, que lleg\u00f3 al 36,1%, es decir 18 puntos porcentuales menos que en 2019, y procuramos avanzar en esa direcci\u00f3n\u00bb, complet\u00f3.<\/p>\n\n\n\n<p>Adem\u00e1s, apunt\u00f3 \u00aba un fen\u00f3meno nuevo como lo es el shock de precios internacionales, con un 52% de aumento de materias primas desde septiembre de 2020\u00bb que generan \u00abtensi\u00f3n en los precios internos\u00bb.<\/p>\n\n\n\n<p>En ese contexto, el Gobierno \u00abrealiza una pol\u00edtica de ordenamiento macroecon\u00f3mico\u00bb, afirm\u00f3 Kulfas, y se\u00f1al\u00f3 que la iniciativa presentada hoy \u00abes un programa de apoyo\u00bb para contener a la inflaci\u00f3n.<\/p>\n\n\n\n<p>Ante una consulta de la prensa, el titular de la cartera de Desarrollo Productivo neg\u00f3 que el Gobierno tenga pensado avanzar en la eliminaci\u00f3n del Impuesto al Valor Agregado (IVA) en los productos de la canasta b\u00e1sica, al sostener que una medida de ese tipo puede generar \u00abun mont\u00f3n de dificultades operativas y administrativas y sus beneficios se terminan diluyendo\u00bb sin beneficiar a los consumidores.<\/p>\n\n\n\n<p>A modo de ejemplo record\u00f3 la decisi\u00f3n del Gobierno anterior de reducir el IVA en determinados productos \u00aby la inflaci\u00f3n sigui\u00f3 en alza\u00bb.<\/p>\n\n\n\n<p>El ministro subray\u00f3 que la estrategia apunta a \u00abmecanismos m\u00e1s eficaces\u00bb como la tarjeta Alimentar o Asignaci\u00f3n Universal por Hijo \u00abpara los sectores m\u00e1s postergados en la alimentaci\u00f3n\u00bb y que la devoluci\u00f3n del IVA \u00abllegue directa al consumidor\u00bb.<\/p>\n\n\n\n<p>Por su parte, Espa\u00f1ol sostuvo que el nuevo programa dar\u00e1 \u00abprevisibilidad\u00bb a los consumidores debido a que los productos que integren esa canasta \u00abvan a tener el mismo precio hasta fin de a\u00f1o y que se van a poder encontrar en la etiqueta\u00bb de los art\u00edculos, y a\u00f1adi\u00f3 que tendr\u00e1n \u00abun mismo precio en todo el pa\u00eds, sin diferencias regionales\u00bb.<\/p>\n\n\n\n<p>\u00ab<strong>Precios Cuidados es una marca instalada, con 660 productos\u00bb<\/strong>, puntualiz\u00f3 Espa\u00f1ol, que cont\u00f3 que \u00abahora se llega a los autoservicios con los mismos productos\u00bb.<\/p>\n\n\n\n<p>La funcionaria manifest\u00f3 que 70 variedades \u00abes una buena representatividad para los comercios de proximidad\u00bb, que tendr\u00e1n \u00abun precio del 7% menor a los que registran ahora\u00bb.<\/p>\n\n\n\n<p>El programa \u00abse complementa con otros, con el objetivo de cuidar la mesa de los argentinos\u00bb, resalt\u00f3 Espa\u00f1ol, quien no descart\u00f3 la posibilidad de \u00abincluir otros productos y marcas\u00bb dentro de la iniciativa en un futuro cercano.<\/p>\n\n\n\n<p>Por \u00faltimo, Espa\u00f1ol precis\u00f3 que el nuevo programa no alcanza a los productos frescos porque tienen \u00abmucha estacionalidad y volatilidad\u00bb, y aclar\u00f3 que con esos sectores \u00abse hacen otros tipos de acuerdos\u00bb porque \u00absiempre se abre la posibilidad de negociaci\u00f3n con las empresas\u00bb.<\/p>\n","protected":false},"excerpt":{"rendered":"<p>El Gobierno lanz\u00f3 el programa que mantendr\u00e1 el precio por seis meses de los 70 productos inicales\u00a0compuesta por alimentos, bebidas, art\u00edculos de limpieza e higiene personal. El precio estar\u00e1 impreso&hellip;<\/p>\n","protected":false},"author":4,"featured_media":7892,"comment_status":"closed","ping_status":"closed","sticky":false,"template":"","format":"standard","meta":{"jetpack_publicize_message":"","jetpack_is_tweetstorm":false,"jetpack_publicize_feature_enabled":true,"jetpack_social_post_already_shared":true,"jetpack_social_options":{"image_generator_settings":{"template":"highway","enabled":false}}},"categories":[291,1],"tags":[],"jetpack_publicize_connections":[],"jetpack_featured_media_url":"https:\/\/i0.wp.com\/www.detalpalonoticias.com.ar\/wp\/wp-content\/uploads\/2021\/06\/9-6-EL-SUPER-CERCA.jpg?fit=600%2C337&ssl=1","jetpack_sharing_enabled":true,"_links":{"self":[{"href":"https:\/\/www.detalpalonoticias.com.ar\/wp\/wp-json\/wp\/v2\/posts\/7891"}],"collection":[{"href":"https:\/\/www.detalpalonoticias.com.ar\/wp\/wp-json\/wp\/v2\/posts"}],"about":[{"href":"https:\/\/www.detalpalonoticias.com.ar\/wp\/wp-json\/wp\/v2\/types\/post"}],"author":[{"embeddable":true,"href":"https:\/\/www.detalpalonoticias.com.ar\/wp\/wp-json\/wp\/v2\/users\/4"}],"replies":[{"embeddable":true,"href":"https:\/\/www.detalpalonoticias.com.ar\/wp\/wp-json\/wp\/v2\/comments?post=7891"}],"version-history":[{"count":1,"href":"https:\/\/www.detalpalonoticias.com.ar\/wp\/wp-json\/wp\/v2\/posts\/7891\/revisions"}],"predecessor-version":[{"id":7893,"href":"https:\/\/www.detalpalonoticias.com.ar\/wp\/wp-json\/wp\/v2\/posts\/7891\/revisions\/7893"}],"wp:featuredmedia":[{"embeddable":true,"href":"https:\/\/www.detalpalonoticias.com.ar\/wp\/wp-json\/wp\/v2\/media\/7892"}],"wp:attachment":[{"href":"https:\/\/www.detalpalonoticias.com.ar\/wp\/wp-json\/wp\/v2\/media?parent=7891"}],"wp:term":[{"taxonomy":"category","embeddable":true,"href":"https:\/\/www.detalpalonoticias.com.ar\/wp\/wp-json\/wp\/v2\/categories?post=7891"},{"taxonomy":"post_tag","embeddable":true,"href":"https:\/\/www.detalpalonoticias.com.ar\/wp\/wp-json\/wp\/v2\/tags?post=7891"}],"curies":[{"name":"wp","href":"https:\/\/api.w.org\/{rel}","templated":true}]}}