{"id":774,"date":"2018-07-10T22:08:50","date_gmt":"2018-07-10T22:08:50","guid":{"rendered":"http:\/\/www.detalpalonoticias.com.ar\/wp\/?p=774"},"modified":"2018-07-10T22:08:50","modified_gmt":"2018-07-10T22:08:50","slug":"sudecor-firmo-pacto-cooperativo-por-la-no-violencia-de-genero","status":"publish","type":"post","link":"https:\/\/www.detalpalonoticias.com.ar\/wp\/sudecor-firmo-pacto-cooperativo-por-la-no-violencia-de-genero\/","title":{"rendered":"Sudecor firm\u00f3 Pacto Cooperativo por la No Violencia de G\u00e9nero"},"content":{"rendered":"<p>Con motivo de celebrarse el d\u00eda internacional de la cooperaci\u00f3n, el Grupo Sudecor junto al Comit\u00e9 de Equidad de G\u00e9nero de Cooperar y la Federaci\u00f3n Argentina de Cooperativas de Cr\u00e9dito suscribieron un Acta Compromiso del \u201cPacto Cooperativo por la No Violencia de G\u00e9nero\u201d en la que qued\u00f3 de manifiesto cuales son las acciones que puede llevar adelante cada entidad, ya que cada persona, desde su lugar de trabajo debe comprometerse activamente en la eliminaci\u00f3n de este flagelo.<\/p>\n<p>En el acto se encontraban presente<u>:<\/u><\/p>\n<p>El Director de Acci\u00f3n Social Municipal \u00a0\u00a0\u00a0Dr. Horacio Pelleti<\/p>\n<p>El Sub. Secretario de Cooperativas y Mutuales del Gobiernos de la provincia de C\u00f3rdoba, \u00a0Abraham Galo<\/p>\n<p>La Presidenta del Comit\u00e9 de G\u00e9nero de Cooperar \u00a0\u00a0Lic. Gisela Wild<\/p>\n<p>El Presidente de la FACC\u00a0 \u00a0\u00a0Sr. Juan Carlos Forgione<\/p>\n<p>El Vicepresidente de la FACC \u00a0\u00a0\u00a0Sr. Pablo Ruggieri<\/p>\n<p>El Secretario de la FACC y de UNICRED \u00a0\u00a0Dr. Marcelo Kremer<\/p>\n<p>El Gerente General de la FACC \u00a0\u00a0\u00a0Dr. Alberto Bavestrello<\/p>\n<p>El Presidente de la Cooperativa del Pa\u00eds \u00a0\u00a0\u00a0Sr. Isaac Jeifez<\/p>\n<p>El Represente de la Cooperativa del Pa\u00eds\u00a0 \u00a0\u00a0Sr. Juan Ag\u00fcero<\/p>\n<p>El Presidente de la Cooperativa Sudecor \u00a0\u00a0Cr. Jos\u00e9 Daniel Balbuena<\/p>\n<p>La Presidenta de la Mutual Sudecor\u00a0 \u00a0Sra. Susana Salgado<\/p>\n<p>La Presidenta de la Fundaci\u00f3n Sudecor\u00a0 \u00a0Cra. Adriana Marciszack<\/p>\n<p>Los Concejales, Gonzalo Pedano y Cristina Ferrero, Funcionarios,\u00a0 Delegadas y Consejeras del Grupo Sudecor, medios period\u00edsticos locales, provinciales y nacionales.<\/p>\n<p>Este pacto nace en Cooperar (Confederaci\u00f3n Cooperativa de la Rep\u00fablica Argentina), entidad representativa de la econom\u00eda solidaria argentina.\u00a0 Integra a organizaciones de servicios p\u00fablicos, consumo, educaci\u00f3n, salud, turismo, ahorro y cr\u00e9dito, producci\u00f3n y vivienda, entre otros rubros que hacen a la vida cotidiana de m\u00e1s de diez millones de argentinos.<\/p>\n<p>Sum\u00e1ndose a esta alianza, impulsada por el Comit\u00e9 de Equidad de G\u00e9nero de Cooperar, la Federaci\u00f3n de Cooperativas de Cr\u00e9dito Ltda. (FACC).<\/p>\n<p>Recordamos que el Concejo Deliberante de la ciudad de Bell Ville, \u00a0declar\u00f3 de Inter\u00e9s Legislativo el Pacto suscripto el pasado viernes.<\/p>\n<p>Al finalizar se dieron a conocer los 9 compromisos que tiene el acta firmado y son los siguientes:<\/p>\n<p>1-Condenar la violencia de g\u00e9nero en todas sus manifestaciones, expresando p\u00fablicamente nuestro rechazo, sabiendo que es un atentado contra la integridad y dignidad de las mujeres y que, como tal, debe ser considerado socialmente inaceptable.<\/p>\n<p>2- Fomentar una actitud cr\u00edtica, solidaria y comprometida de todos los asociados y asociadas frente a situaciones de violencia impulsando la participaci\u00f3n de todos y todas en su erradicaci\u00f3n.<\/p>\n<p>3- Promover la participaci\u00f3n de mujeres en los \u00f3rganos de conducci\u00f3n y fiscalizaci\u00f3n de las entidades e incorporar la perspectiva de g\u00e9nero de manera transversal a la vida institucional.<\/p>\n<p>4- Involucrar a todos los consejeros, asesores y funcionarios de la entidad, poniendo a su disposici\u00f3n herramientas de apoyo, formaci\u00f3n, asesoramiento e informaci\u00f3n para que sepan c\u00f3mo pueden prestar su ayuda a las mujeres v\u00edctimas de agresiones, y a las hijas e hijos a su cargo.<\/p>\n<p>5- Informarse y poner a disposici\u00f3n de las asociadas y asociados protocolos y procedimientos locales para la concientizaci\u00f3n, prevenci\u00f3n y erradicaci\u00f3n de la violencia contra las mujeres, articulando para esto los medios necesarios con el estado local.<\/p>\n<p>6- Peticionar en nuestras comunidades el cumplimiento <a href=\"http:\/\/www.cnm.gob.ar\/pnacerrviomuj.php\">Plan Nacional de Acci\u00f3n para la Prevenci\u00f3n, Asistencia y Erradicaci\u00f3n de la Violencia contra las mujeres<\/a> impulsado desde el Consejo Nacional de las Mujeres.<\/p>\n<p>7- Promover desde nuestros medios de comunicaci\u00f3n (p\u00e1gina web, redes sociales, cartelera de novedades, facturaci\u00f3n etc\u2026) el n\u00famero gratuito para denuncias (144) sum\u00e1ndonos a la campa\u00f1a \u201cCooperar contra la Violencia\u201d<\/p>\n<p>8-\u00a0Realizar al menos una vez al a\u00f1o una acci\u00f3n de sensibilizaci\u00f3n sobre la violencia de g\u00e9nero.<\/p>\n<p>9- Dar difusi\u00f3n al Pacto Cooperativo por la no Violencia de G\u00e9nero y a la firma de la presente acta de compromiso.<\/p>\n<div class=\"tiled-gallery type-rectangular tiled-gallery-unresized\" data-original-width=\"640\" data-carousel-extra='null' itemscope itemtype=\"http:\/\/schema.org\/ImageGallery\" > <div class=\"gallery-row\" style=\"width: 640px; height: 241px;\" data-original-width=\"640\" data-original-height=\"241\" > <div class=\"gallery-group images-1\" style=\"width: 320px; height: 241px;\" data-original-width=\"320\" data-original-height=\"241\" > <div class=\"tiled-gallery-item tiled-gallery-item-large\" itemprop=\"associatedMedia\" itemscope itemtype=\"http:\/\/schema.org\/ImageObject\"> <a href=\"https:\/\/www.detalpalonoticias.com.ar\/wp\/sudecor-firmo-pacto-cooperativo-por-la-no-violencia-de-genero\/sudecor-1\/\" border=\"0\" itemprop=\"url\"> <meta itemprop=\"width\" content=\"316\"> <meta itemprop=\"height\" content=\"237\"> <img data-attachment-id=\"775\" data-orig-file=\"https:\/\/www.detalpalonoticias.com.ar\/wp\/wp-content\/uploads\/2018\/07\/sudecor-1.jpg\" data-orig-size=\"600,450\" data-comments-opened=\"\" data-image-meta=\"{&quot;aperture&quot;:&quot;2.8&quot;,&quot;credit&quot;:&quot;&quot;,&quot;camera&quot;:&quot;Moto C&quot;,&quot;caption&quot;:&quot;&quot;,&quot;created_timestamp&quot;:&quot;1530909002&quot;,&quot;copyright&quot;:&quot;&quot;,&quot;focal_length&quot;:&quot;3.5&quot;,&quot;iso&quot;:&quot;309&quot;,&quot;shutter_speed&quot;:&quot;0.060005&quot;,&quot;title&quot;:&quot;&quot;,&quot;orientation&quot;:&quot;1&quot;}\" data-image-title=\"sudecor 1\" data-image-description=\"\" data-medium-file=\"https:\/\/i0.wp.com\/www.detalpalonoticias.com.ar\/wp\/wp-content\/uploads\/2018\/07\/sudecor-1.jpg?fit=300%2C225&#038;ssl=1\" data-large-file=\"https:\/\/i0.wp.com\/www.detalpalonoticias.com.ar\/wp\/wp-content\/uploads\/2018\/07\/sudecor-1.jpg?fit=600%2C450&#038;ssl=1\" src=\"https:\/\/i0.wp.com\/www.detalpalonoticias.com.ar\/wp\/wp-content\/uploads\/2018\/07\/sudecor-1.jpg?w=316&#038;h=237&#038;ssl=1\" width=\"316\" height=\"237\" data-original-width=\"316\" data-original-height=\"237\" itemprop=\"http:\/\/schema.org\/image\" title=\"sudecor 1\" alt=\"sudecor 1\" style=\"width: 316px; height: 237px;\" \/> <\/a> <\/div> <\/div> <!-- close group --> <div class=\"gallery-group images-1\" style=\"width: 320px; height: 241px;\" data-original-width=\"320\" data-original-height=\"241\" > <div class=\"tiled-gallery-item tiled-gallery-item-large\" itemprop=\"associatedMedia\" itemscope itemtype=\"http:\/\/schema.org\/ImageObject\"> <a href=\"https:\/\/www.detalpalonoticias.com.ar\/wp\/sudecor-firmo-pacto-cooperativo-por-la-no-violencia-de-genero\/sudecor-2\/\" border=\"0\" itemprop=\"url\"> <meta itemprop=\"width\" content=\"316\"> <meta itemprop=\"height\" content=\"237\"> <img data-attachment-id=\"776\" data-orig-file=\"https:\/\/www.detalpalonoticias.com.ar\/wp\/wp-content\/uploads\/2018\/07\/sudecor-2.jpg\" data-orig-size=\"600,450\" data-comments-opened=\"\" data-image-meta=\"{&quot;aperture&quot;:&quot;2.8&quot;,&quot;credit&quot;:&quot;&quot;,&quot;camera&quot;:&quot;Moto C&quot;,&quot;caption&quot;:&quot;&quot;,&quot;created_timestamp&quot;:&quot;1530908880&quot;,&quot;copyright&quot;:&quot;&quot;,&quot;focal_length&quot;:&quot;3.5&quot;,&quot;iso&quot;:&quot;250&quot;,&quot;shutter_speed&quot;:&quot;0.060005&quot;,&quot;title&quot;:&quot;&quot;,&quot;orientation&quot;:&quot;1&quot;}\" data-image-title=\"sudecor 2\" data-image-description=\"\" data-medium-file=\"https:\/\/i0.wp.com\/www.detalpalonoticias.com.ar\/wp\/wp-content\/uploads\/2018\/07\/sudecor-2.jpg?fit=300%2C225&#038;ssl=1\" data-large-file=\"https:\/\/i0.wp.com\/www.detalpalonoticias.com.ar\/wp\/wp-content\/uploads\/2018\/07\/sudecor-2.jpg?fit=600%2C450&#038;ssl=1\" src=\"https:\/\/i0.wp.com\/www.detalpalonoticias.com.ar\/wp\/wp-content\/uploads\/2018\/07\/sudecor-2.jpg?w=316&#038;h=237&#038;ssl=1\" width=\"316\" height=\"237\" data-original-width=\"316\" data-original-height=\"237\" itemprop=\"http:\/\/schema.org\/image\" title=\"sudecor 2\" alt=\"sudecor 2\" style=\"width: 316px; height: 237px;\" \/> <\/a> <\/div> <\/div> <!-- close group --> <\/div> <!-- close row --> <\/div>\n","protected":false},"excerpt":{"rendered":"<p>Con motivo de celebrarse el d\u00eda internacional de la cooperaci\u00f3n, el Grupo Sudecor junto al Comit\u00e9 de Equidad de G\u00e9nero de Cooperar y la Federaci\u00f3n Argentina de Cooperativas de Cr\u00e9dito&hellip;<\/p>\n","protected":false},"author":4,"featured_media":775,"comment_status":"closed","ping_status":"closed","sticky":false,"template":"","format":"standard","meta":{"jetpack_publicize_message":"","jetpack_is_tweetstorm":false,"jetpack_publicize_feature_enabled":true,"jetpack_social_post_already_shared":false,"jetpack_social_options":{"image_generator_settings":{"template":"highway","enabled":false}}},"categories":[1],"tags":[],"jetpack_publicize_connections":[],"jetpack_featured_media_url":"https:\/\/i0.wp.com\/www.detalpalonoticias.com.ar\/wp\/wp-content\/uploads\/2018\/07\/sudecor-1.jpg?fit=600%2C450&ssl=1","jetpack_sharing_enabled":true,"_links":{"self":[{"href":"https:\/\/www.detalpalonoticias.com.ar\/wp\/wp-json\/wp\/v2\/posts\/774"}],"collection":[{"href":"https:\/\/www.detalpalonoticias.com.ar\/wp\/wp-json\/wp\/v2\/posts"}],"about":[{"href":"https:\/\/www.detalpalonoticias.com.ar\/wp\/wp-json\/wp\/v2\/types\/post"}],"author":[{"embeddable":true,"href":"https:\/\/www.detalpalonoticias.com.ar\/wp\/wp-json\/wp\/v2\/users\/4"}],"replies":[{"embeddable":true,"href":"https:\/\/www.detalpalonoticias.com.ar\/wp\/wp-json\/wp\/v2\/comments?post=774"}],"version-history":[{"count":1,"href":"https:\/\/www.detalpalonoticias.com.ar\/wp\/wp-json\/wp\/v2\/posts\/774\/revisions"}],"predecessor-version":[{"id":777,"href":"https:\/\/www.detalpalonoticias.com.ar\/wp\/wp-json\/wp\/v2\/posts\/774\/revisions\/777"}],"wp:featuredmedia":[{"embeddable":true,"href":"https:\/\/www.detalpalonoticias.com.ar\/wp\/wp-json\/wp\/v2\/media\/775"}],"wp:attachment":[{"href":"https:\/\/www.detalpalonoticias.com.ar\/wp\/wp-json\/wp\/v2\/media?parent=774"}],"wp:term":[{"taxonomy":"category","embeddable":true,"href":"https:\/\/www.detalpalonoticias.com.ar\/wp\/wp-json\/wp\/v2\/categories?post=774"},{"taxonomy":"post_tag","embeddable":true,"href":"https:\/\/www.detalpalonoticias.com.ar\/wp\/wp-json\/wp\/v2\/tags?post=774"}],"curies":[{"name":"wp","href":"https:\/\/api.w.org\/{rel}","templated":true}]}}