{"id":7721,"date":"2021-05-15T11:49:45","date_gmt":"2021-05-15T11:49:45","guid":{"rendered":"http:\/\/www.detalpalonoticias.com.ar\/wp\/?p=7721"},"modified":"2021-06-23T13:13:00","modified_gmt":"2021-06-23T13:13:00","slug":"san-marcos-sud-suspenden-clases-presenciales","status":"publish","type":"post","link":"https:\/\/www.detalpalonoticias.com.ar\/wp\/san-marcos-sud-suspenden-clases-presenciales\/","title":{"rendered":"San Marcos Sud: suspenden clases presenciales."},"content":{"rendered":"\n<p>Desde el pr\u00f3ximo lunes 17 hasta el viernes 21 de mayo, no se dictar\u00e1n clases presenciales en la localidad de San Marcos Sud, as\u00ed lo inform\u00f3 la intendenta Claudia Godoy.<\/p>\n\n\n\n<p>Debido la el alto grado de contagios en la poblaci\u00f3n y como una de las medidas dispuestas para evitar la propagaci\u00f3n del virus en vecina localidad, tomaron la decisi\u00f3n en forma conjunta con autoridades del Ministerio de Educaci\u00f3n de la provincia de suspender las clases presenciales por el t\u00e9rmino de una semana en todos los niveles educativos.<\/p>\n\n\n\n<p>El \u00faltimo reporte del comit\u00e9 de emergencia de San Marcos Sud inform\u00f3 85 positivos activos de covid-19.<\/p>\n\n\n\n<div class=\"wp-block-image\"><figure class=\"aligncenter size-large\"><img decoding=\"async\" loading=\"lazy\" width=\"600\" height=\"750\" src=\"https:\/\/i0.wp.com\/www.detalpalonoticias.com.ar\/wp\/wp-content\/uploads\/2021\/05\/14-5-COE-SAN-MARCOS.jpg?resize=600%2C750\" alt=\"\" class=\"wp-image-7724\" srcset=\"https:\/\/i0.wp.com\/www.detalpalonoticias.com.ar\/wp\/wp-content\/uploads\/2021\/05\/14-5-COE-SAN-MARCOS.jpg?w=600&amp;ssl=1 600w, https:\/\/i0.wp.com\/www.detalpalonoticias.com.ar\/wp\/wp-content\/uploads\/2021\/05\/14-5-COE-SAN-MARCOS.jpg?resize=240%2C300&amp;ssl=1 240w\" sizes=\"(max-width: 600px) 100vw, 600px\" data-recalc-dims=\"1\" \/><\/figure><\/div>\n","protected":false},"excerpt":{"rendered":"<p>Desde el pr\u00f3ximo lunes 17 hasta el viernes 21 de mayo, no se dictar\u00e1n clases presenciales en la localidad de San Marcos Sud, as\u00ed lo inform\u00f3 la intendenta Claudia Godoy.&hellip;<\/p>\n","protected":false},"author":4,"featured_media":7722,"comment_status":"closed","ping_status":"closed","sticky":false,"template":"","format":"standard","meta":{"jetpack_publicize_message":"","jetpack_is_tweetstorm":false,"jetpack_publicize_feature_enabled":true,"jetpack_social_post_already_shared":true,"jetpack_social_options":{"image_generator_settings":{"template":"highway","enabled":false}}},"categories":[302,22,1,293],"tags":[],"jetpack_publicize_connections":[],"jetpack_featured_media_url":"https:\/\/i0.wp.com\/www.detalpalonoticias.com.ar\/wp\/wp-content\/uploads\/2021\/05\/SAN-MARCOS.jpg?fit=750%2C441&ssl=1","jetpack_sharing_enabled":true,"_links":{"self":[{"href":"https:\/\/www.detalpalonoticias.com.ar\/wp\/wp-json\/wp\/v2\/posts\/7721"}],"collection":[{"href":"https:\/\/www.detalpalonoticias.com.ar\/wp\/wp-json\/wp\/v2\/posts"}],"about":[{"href":"https:\/\/www.detalpalonoticias.com.ar\/wp\/wp-json\/wp\/v2\/types\/post"}],"author":[{"embeddable":true,"href":"https:\/\/www.detalpalonoticias.com.ar\/wp\/wp-json\/wp\/v2\/users\/4"}],"replies":[{"embeddable":true,"href":"https:\/\/www.detalpalonoticias.com.ar\/wp\/wp-json\/wp\/v2\/comments?post=7721"}],"version-history":[{"count":2,"href":"https:\/\/www.detalpalonoticias.com.ar\/wp\/wp-json\/wp\/v2\/posts\/7721\/revisions"}],"predecessor-version":[{"id":7725,"href":"https:\/\/www.detalpalonoticias.com.ar\/wp\/wp-json\/wp\/v2\/posts\/7721\/revisions\/7725"}],"wp:featuredmedia":[{"embeddable":true,"href":"https:\/\/www.detalpalonoticias.com.ar\/wp\/wp-json\/wp\/v2\/media\/7722"}],"wp:attachment":[{"href":"https:\/\/www.detalpalonoticias.com.ar\/wp\/wp-json\/wp\/v2\/media?parent=7721"}],"wp:term":[{"taxonomy":"category","embeddable":true,"href":"https:\/\/www.detalpalonoticias.com.ar\/wp\/wp-json\/wp\/v2\/categories?post=7721"},{"taxonomy":"post_tag","embeddable":true,"href":"https:\/\/www.detalpalonoticias.com.ar\/wp\/wp-json\/wp\/v2\/tags?post=7721"}],"curies":[{"name":"wp","href":"https:\/\/api.w.org\/{rel}","templated":true}]}}