{"id":6538,"date":"2020-11-20T03:11:02","date_gmt":"2020-11-20T03:11:02","guid":{"rendered":"http:\/\/www.detalpalonoticias.com.ar\/wp\/?p=6538"},"modified":"2020-11-25T03:49:20","modified_gmt":"2020-11-25T03:49:20","slug":"el-gobierno-provincial-autorizo-un-protocolo-para-actos-de-colacion","status":"publish","type":"post","link":"https:\/\/www.detalpalonoticias.com.ar\/wp\/el-gobierno-provincial-autorizo-un-protocolo-para-actos-de-colacion\/","title":{"rendered":"El gobierno provincial autoriz\u00f3 un protocolo para actos de colaci\u00f3n."},"content":{"rendered":"\n<p>En el marco del informe semanal de la situaci\u00f3n epidemiol\u00f3gica provincial por la pandemia del Covid-19, este jueves se present\u00f3 el protocolo aprobado por el COE para actos de egresados de escuelas primarias, secundarias y de nivel superior, que&nbsp;<strong>podr\u00e1n realizarse entre el 9 y el 20 de diciembre<\/strong>, considerando la situaci\u00f3n epidemiol\u00f3gica de cada caso en particular.<\/p>\n\n\n\n<p>Al respecto, el ministro de Educaci\u00f3n Walter Grahovac destac\u00f3 que esta autorizaci\u00f3n del COE y la cartera sanitaria responde a la estabilizaci\u00f3n de la tasa de contagio y el descenso de la ocupaci\u00f3n de camas cr\u00edticas. Si esta situaci\u00f3n se modifica en barrios o localidades de las escuelas, los actos no ser\u00e1n autorizados en esos casos.<\/p>\n\n\n\n<p>Los equipos directivos que decidan organizar estos actos deber\u00e1n comunicar previamente a la comunidad el protocolo y las medidas que se tomar\u00e1n durante su desarrollo. Deber\u00e1n disponer de un espacio f\u00edsico abierto o semi abierto, condici\u00f3n excluyente para autorizar o no el evento.<\/p>\n\n\n\n<p>Las escuelas deber\u00e1n pedir autorizaci\u00f3n a su zona de inspecci\u00f3n&nbsp;<strong>desde el pr\u00f3ximo 23 de noviembre y hasta el 4 de diciembre.<\/strong>&nbsp;Est\u00e1 decisi\u00f3n alcanza a los \u00faltimos grados y cursos del nivel primario, secundario y superior del sistema educativo provincial.<\/p>\n\n\n\n<p>Grahovac dio a conocer las formalidades para los actos de egreso, que se podr\u00e1n realizar siempre que cumplan requisitos vinculados a la situaci\u00f3n sanitaria.<\/p>\n\n\n\n<p>Los equipos directivos que asuman la responsabilidad de llevar a cabo las fiestas de egreso, deber\u00e1n comunicar previamente a la comunidad el protocolo y las medidas que se tomar\u00e1n durante el acto.<\/p>\n\n\n\n<p>Al respecto, detall\u00f3 que se recibir\u00e1n las solicitudes de las escuelas entre el 23 de noviembre y el 4 de diciembre. La fecha establecida para realizar los actos va del 9 y el 20 de diciembre.<\/p>\n\n\n\n<p>Entre los requerimientos a considerar figuran:<\/p>\n\n\n\n<p>Disponer de un espacio f\u00edsico abierto o semi abierto donde desarrollar cada encuentro.<\/p>\n\n\n\n<p>Cumplir todas las medidas de bioseguridad en cada uno de los momentos del acto.<\/p>\n\n\n\n<p>Realizar como m\u00e1ximo un evento por cada divisi\u00f3n.<\/p>\n\n\n\n<p>Elaborar se\u00f1al\u00e9tica para indicar la orientaci\u00f3n de la circulaci\u00f3n, ubicaci\u00f3n y distanciamiento de las personas.<\/p>\n\n\n\n<p><strong>Fecha de cierre de ciclo lectivo 2020<\/strong><\/p>\n\n\n\n<p>Consultado por la posibilidad de retornar a la presencialidad, Grahovac reiter\u00f3:&nbsp;<em>\u201cNo hay condiciones para volver a clases todav\u00eda. Este a\u00f1o lo terminaremos en forma remota.<\/em>&nbsp;<em>La vuelta o no a clases no es un tema educativo sino sanitario. Es por eso que destacamos el gran esfuerzo de los docentes, de los estudiantes y de las familias cordobesas que tuvieron que aprender sobre la marcha y construir la escuela remota que nos posibilit\u00f3 sostener el v\u00ednculo pedag\u00f3gico\u201d.<\/em><\/p>\n\n\n\n<p>En cuanto a la finalizaci\u00f3n del dictado de clases, el ministro indic\u00f3:&nbsp;<em>\u201cEl 11 de diciembre vamos a estar dando por concluidas las actividades escolares de v\u00ednculo pedag\u00f3gico, de clases remotas entre docentes con estudiantes. Mientras que la semana del 14 al 19 de diciembre trabajaremos todas las instituciones educativas en los procesos de evaluaci\u00f3n\u201d.<\/em><\/p>\n","protected":false},"excerpt":{"rendered":"<p>En el marco del informe semanal de la situaci\u00f3n epidemiol\u00f3gica provincial por la pandemia del Covid-19, este jueves se present\u00f3 el protocolo aprobado por el COE para actos de egresados&hellip;<\/p>\n","protected":false},"author":4,"featured_media":6539,"comment_status":"closed","ping_status":"closed","sticky":false,"template":"","format":"standard","meta":{"jetpack_publicize_message":"","jetpack_is_tweetstorm":false,"jetpack_publicize_feature_enabled":true,"jetpack_social_post_already_shared":false,"jetpack_social_options":{"image_generator_settings":{"template":"highway","enabled":false}}},"categories":[294,22,1],"tags":[],"jetpack_publicize_connections":[],"jetpack_featured_media_url":"https:\/\/i0.wp.com\/www.detalpalonoticias.com.ar\/wp\/wp-content\/uploads\/2020\/11\/actos-escolares.jpg?fit=600%2C337&ssl=1","jetpack_sharing_enabled":true,"_links":{"self":[{"href":"https:\/\/www.detalpalonoticias.com.ar\/wp\/wp-json\/wp\/v2\/posts\/6538"}],"collection":[{"href":"https:\/\/www.detalpalonoticias.com.ar\/wp\/wp-json\/wp\/v2\/posts"}],"about":[{"href":"https:\/\/www.detalpalonoticias.com.ar\/wp\/wp-json\/wp\/v2\/types\/post"}],"author":[{"embeddable":true,"href":"https:\/\/www.detalpalonoticias.com.ar\/wp\/wp-json\/wp\/v2\/users\/4"}],"replies":[{"embeddable":true,"href":"https:\/\/www.detalpalonoticias.com.ar\/wp\/wp-json\/wp\/v2\/comments?post=6538"}],"version-history":[{"count":1,"href":"https:\/\/www.detalpalonoticias.com.ar\/wp\/wp-json\/wp\/v2\/posts\/6538\/revisions"}],"predecessor-version":[{"id":6540,"href":"https:\/\/www.detalpalonoticias.com.ar\/wp\/wp-json\/wp\/v2\/posts\/6538\/revisions\/6540"}],"wp:featuredmedia":[{"embeddable":true,"href":"https:\/\/www.detalpalonoticias.com.ar\/wp\/wp-json\/wp\/v2\/media\/6539"}],"wp:attachment":[{"href":"https:\/\/www.detalpalonoticias.com.ar\/wp\/wp-json\/wp\/v2\/media?parent=6538"}],"wp:term":[{"taxonomy":"category","embeddable":true,"href":"https:\/\/www.detalpalonoticias.com.ar\/wp\/wp-json\/wp\/v2\/categories?post=6538"},{"taxonomy":"post_tag","embeddable":true,"href":"https:\/\/www.detalpalonoticias.com.ar\/wp\/wp-json\/wp\/v2\/tags?post=6538"}],"curies":[{"name":"wp","href":"https:\/\/api.w.org\/{rel}","templated":true}]}}