{"id":4807,"date":"2020-04-12T00:10:51","date_gmt":"2020-04-12T00:10:51","guid":{"rendered":"http:\/\/www.detalpalonoticias.com.ar\/wp\/?p=4807"},"modified":"2020-04-13T11:34:58","modified_gmt":"2020-04-13T11:34:58","slug":"el-ministerio-de-salud-de-la-nacion-entrego-153-respiradores-40-ecografos-y-mas-de190-mil-equipos-de-proteccion-personal","status":"publish","type":"post","link":"https:\/\/www.detalpalonoticias.com.ar\/wp\/el-ministerio-de-salud-de-la-nacion-entrego-153-respiradores-40-ecografos-y-mas-de190-mil-equipos-de-proteccion-personal\/","title":{"rendered":"El Ministerio de Salud de la Naci\u00f3n entreg\u00f3 153 respiradores 40 ec\u00f3grafos y mas de190 mil equipos de protecci\u00f3n personal"},"content":{"rendered":"\n<p>De esta forma, se contin\u00faa reforzando el sistema sanitario en el marco de las acciones de preparaci\u00f3n y respuesta a la enfermedad COVID-19.<\/p>\n\n\n\n<p>En el d\u00eda de hoy, desde el aeropuerto de\nEl Palomar, parti\u00f3 un avi\u00f3n Fokker F28 perteneciente a la Fuerza Aerea\nArgentina, dependiente del Ministerio de Defensa, con destino a Chaco y\nTucum\u00e1n. Desde all\u00ed se repartir\u00e1n los equipamientos para las provincias de Formosa,\nCorrientes, Misiones Santiago del Estero, Salta y Jujuy. En tanto, el resto de\nlas provincias tambi\u00e9n siguen recibiendo por otros medios log\u00edsticos el\nequipamiento sanitario que es entregado por la cartera de salud. <\/p>\n\n\n\n<p>Los elementos de protecci\u00f3n personal,\ndestinados a lo equipos de salud, est\u00e1n compuestos por antiparras, barbijos,\nguantes, m\u00e1scaras, mamelucos y term\u00f3metros infrarrojos.<\/p>\n\n\n\n<p>Al respecto, Gin\u00e9s Gonz\u00e1lez Garc\u00eda\nexpres\u00f3: \u201cSe trata de ayudarnos entre todos y que los recursos est\u00e9n donde m\u00e1s\nhagan falta, as\u00ed podremos lograr fortalecer el sistema sanitario para poder\ncuidar a todos los argentinos\u201d.<\/p>\n\n\n\n<p>La asistencia del Gobierno nacional se distribuye de forma equitativa y solidaria, en funci\u00f3n de las necesidades que cada regi\u00f3n est\u00e1 atravesando en el marco del COVID-19.<\/p>\n\n\n\n<figure class=\"wp-block-gallery columns-2 is-cropped wp-block-gallery-1 is-layout-flex\"><ul class=\"blocks-gallery-grid\"><li class=\"blocks-gallery-item\"><figure><img decoding=\"async\" loading=\"lazy\" width=\"600\" height=\"337\" src=\"https:\/\/i0.wp.com\/www.detalpalonoticias.com.ar\/wp\/wp-content\/uploads\/2020\/04\/11-04-2020-1-Portada.jpeg?resize=600%2C337\" alt=\"\" data-id=\"4808\" data-full-url=\"https:\/\/i0.wp.com\/www.detalpalonoticias.com.ar\/wp\/wp-content\/uploads\/2020\/04\/11-04-2020-1-Portada.jpeg?resize=600%2C337\" data-link=\"http:\/\/www.detalpalonoticias.com.ar\/wp\/?attachment_id=4808\" class=\"wp-image-4808\" srcset=\"https:\/\/i0.wp.com\/www.detalpalonoticias.com.ar\/wp\/wp-content\/uploads\/2020\/04\/11-04-2020-1-Portada.jpeg?w=600&amp;ssl=1 600w, https:\/\/i0.wp.com\/www.detalpalonoticias.com.ar\/wp\/wp-content\/uploads\/2020\/04\/11-04-2020-1-Portada.jpeg?resize=300%2C169&amp;ssl=1 300w\" sizes=\"(max-width: 600px) 100vw, 600px\" data-recalc-dims=\"1\" \/><\/figure><\/li><li class=\"blocks-gallery-item\"><figure><img decoding=\"async\" loading=\"lazy\" width=\"600\" height=\"400\" src=\"https:\/\/i0.wp.com\/www.detalpalonoticias.com.ar\/wp\/wp-content\/uploads\/2020\/04\/11-04-2020-Interna-.jpg?resize=600%2C400\" alt=\"\" data-id=\"4809\" data-full-url=\"https:\/\/i0.wp.com\/www.detalpalonoticias.com.ar\/wp\/wp-content\/uploads\/2020\/04\/11-04-2020-Interna-.jpg?resize=600%2C400\" data-link=\"http:\/\/www.detalpalonoticias.com.ar\/wp\/?attachment_id=4809\" class=\"wp-image-4809\" srcset=\"https:\/\/i0.wp.com\/www.detalpalonoticias.com.ar\/wp\/wp-content\/uploads\/2020\/04\/11-04-2020-Interna-.jpg?w=600&amp;ssl=1 600w, https:\/\/i0.wp.com\/www.detalpalonoticias.com.ar\/wp\/wp-content\/uploads\/2020\/04\/11-04-2020-Interna-.jpg?resize=300%2C200&amp;ssl=1 300w\" sizes=\"(max-width: 600px) 100vw, 600px\" data-recalc-dims=\"1\" \/><\/figure><\/li><\/ul><\/figure>\n\n\n\n<p>          <\/p>\n","protected":false},"excerpt":{"rendered":"<p>De esta forma, se contin\u00faa reforzando el sistema sanitario en el marco de las acciones de preparaci\u00f3n y respuesta a la enfermedad COVID-19. En el d\u00eda de hoy, desde el&hellip;<\/p>\n","protected":false},"author":4,"featured_media":4808,"comment_status":"closed","ping_status":"closed","sticky":false,"template":"","format":"standard","meta":{"jetpack_publicize_message":"","jetpack_is_tweetstorm":false,"jetpack_publicize_feature_enabled":true,"jetpack_social_post_already_shared":false,"jetpack_social_options":{"image_generator_settings":{"template":"highway","enabled":false}}},"categories":[302,291,1],"tags":[],"jetpack_publicize_connections":[],"jetpack_featured_media_url":"https:\/\/i0.wp.com\/www.detalpalonoticias.com.ar\/wp\/wp-content\/uploads\/2020\/04\/11-04-2020-1-Portada.jpeg?fit=600%2C337&ssl=1","jetpack_sharing_enabled":true,"_links":{"self":[{"href":"https:\/\/www.detalpalonoticias.com.ar\/wp\/wp-json\/wp\/v2\/posts\/4807"}],"collection":[{"href":"https:\/\/www.detalpalonoticias.com.ar\/wp\/wp-json\/wp\/v2\/posts"}],"about":[{"href":"https:\/\/www.detalpalonoticias.com.ar\/wp\/wp-json\/wp\/v2\/types\/post"}],"author":[{"embeddable":true,"href":"https:\/\/www.detalpalonoticias.com.ar\/wp\/wp-json\/wp\/v2\/users\/4"}],"replies":[{"embeddable":true,"href":"https:\/\/www.detalpalonoticias.com.ar\/wp\/wp-json\/wp\/v2\/comments?post=4807"}],"version-history":[{"count":1,"href":"https:\/\/www.detalpalonoticias.com.ar\/wp\/wp-json\/wp\/v2\/posts\/4807\/revisions"}],"predecessor-version":[{"id":4810,"href":"https:\/\/www.detalpalonoticias.com.ar\/wp\/wp-json\/wp\/v2\/posts\/4807\/revisions\/4810"}],"wp:featuredmedia":[{"embeddable":true,"href":"https:\/\/www.detalpalonoticias.com.ar\/wp\/wp-json\/wp\/v2\/media\/4808"}],"wp:attachment":[{"href":"https:\/\/www.detalpalonoticias.com.ar\/wp\/wp-json\/wp\/v2\/media?parent=4807"}],"wp:term":[{"taxonomy":"category","embeddable":true,"href":"https:\/\/www.detalpalonoticias.com.ar\/wp\/wp-json\/wp\/v2\/categories?post=4807"},{"taxonomy":"post_tag","embeddable":true,"href":"https:\/\/www.detalpalonoticias.com.ar\/wp\/wp-json\/wp\/v2\/tags?post=4807"}],"curies":[{"name":"wp","href":"https:\/\/api.w.org\/{rel}","templated":true}]}}