{"id":4802,"date":"2020-04-11T02:17:18","date_gmt":"2020-04-11T02:17:18","guid":{"rendered":"http:\/\/www.detalpalonoticias.com.ar\/wp\/?p=4802"},"modified":"2020-04-13T11:34:38","modified_gmt":"2020-04-13T11:34:38","slug":"el-presidente-anuncio-que-el-aislamiento-obligatorio-sigue-hasta-el-26-de-abril","status":"publish","type":"post","link":"https:\/\/www.detalpalonoticias.com.ar\/wp\/el-presidente-anuncio-que-el-aislamiento-obligatorio-sigue-hasta-el-26-de-abril\/","title":{"rendered":"El Presidente anunci\u00f3 que el aislamiento obligatorio sigue hasta el 26 de abril"},"content":{"rendered":"\n<p> Alberto Fern\u00e1ndez brind\u00f3 una conferencia de prensa desde la Residencia de Olivos. Se\u00f1al\u00f3, adem\u00e1s, una etapa \u00abadministrada\u00bbque permitir\u00e1 a los gobernadores de provincias proponer aperturas en algunas actividades o regiones. <\/p>\n\n\n\n<p> El Presidente anunci\u00f3, no obstante, una acotada flexibilizaci\u00f3n del aislamiento social, con la autorizaci\u00f3n a algunos sectores de la producci\u00f3n y de servicios para volver a la actividad, \u00abcomo fabricantes de neum\u00e1ticos, gomer\u00edas y talleres mec\u00e1nicos, para atender las necesidades de los veh\u00edculos de fuerzas de seguridad y ambulancias\u00bb, en el marco de la pandemia. <\/p>\n\n\n\n<p>\n\nSostuvo adem\u00e1s que se analiza \u00abpermitir la salida de personas discapacitadas, acompa\u00f1adas de personas de su cercan\u00eda solo dentro de los l\u00edmites de su domicilio\u00bb, entre los que incluy\u00f3 a personas que padecen autismo y asegur\u00f3 que, en consulta con los gobernadores, en adelante se determinar\u00e1 cu\u00e1ndo ir\u00e1n retomando actividad otros sectores econ\u00f3micos.<\/p>\n\n\n\n<p>El mandatario propuso \u00abun pacto\u00bb para ir flexibilizando la cuarentena y dijo que es necesario \u00abel compromiso de todos\u00bb y advirti\u00f3 que, en caso de que no se cumpla, habr\u00eda que \u00abvolver para atr\u00e1s\u00bb. <\/p>\n\n\n\n<p> <strong>Vuelve la atenci\u00f3n en los bancos<\/strong><br>El presidente Alberto Fern\u00e1ndez anunci\u00f3 que desde el lunes pr\u00f3ximo \u00ablos bancos van a empezar a funcionar con un protocolo de atenci\u00f3n de clientes.<\/p>\n\n\n\n<p><strong>Cuestiones econ\u00f3micas<\/strong><br>El presidente Alberto Fern\u00e1ndez expres\u00f3 su \u00abpreocupaci\u00f3n\u00bb por los monotributistas, en las categor\u00edas C y D, asegur\u00f3 que \u00abhay un Estado presente que va a seguir ayudando\u00bb a quienes lo necesiten.<\/p>\n\n\n\n<p>Fern\u00e1ndez reafirm\u00f3 adem\u00e1s que \u00abno hay ning\u00fan argumento real para que los precios aumenten\u00bb y dijo que espera que en los pr\u00f3ximos d\u00edas se estar\u00e1n \u00abactivando\u00bb los cr\u00e9ditos bancarios para las pymes desde los bancos.<\/p>\n\n\n\n<p>Sobre el impuestos extraordinario<br>El presidente Alberto Fern\u00e1ndez reiter\u00f3 que es \u00abposible\u00bb la implementaci\u00f3n de un impuesto extraordinario a las grandes fortunas, aunque aclar\u00f3 que cualquier reforma tributaria es facultad del Congreso de la Naci\u00f3n.\n\n<\/p>\n","protected":false},"excerpt":{"rendered":"<p>Alberto Fern\u00e1ndez brind\u00f3 una conferencia de prensa desde la Residencia de Olivos. Se\u00f1al\u00f3, adem\u00e1s, una etapa \u00abadministrada\u00bbque permitir\u00e1 a los gobernadores de provincias proponer aperturas en algunas actividades o regiones.&hellip;<\/p>\n","protected":false},"author":4,"featured_media":4803,"comment_status":"closed","ping_status":"closed","sticky":false,"template":"","format":"standard","meta":{"jetpack_publicize_message":"","jetpack_is_tweetstorm":false,"jetpack_publicize_feature_enabled":true,"jetpack_social_post_already_shared":false,"jetpack_social_options":{"image_generator_settings":{"template":"highway","enabled":false}}},"categories":[302,291,1],"tags":[],"jetpack_publicize_connections":[],"jetpack_featured_media_url":"https:\/\/i0.wp.com\/www.detalpalonoticias.com.ar\/wp\/wp-content\/uploads\/2020\/04\/alberto-F.jpg?fit=600%2C337&ssl=1","jetpack_sharing_enabled":true,"_links":{"self":[{"href":"https:\/\/www.detalpalonoticias.com.ar\/wp\/wp-json\/wp\/v2\/posts\/4802"}],"collection":[{"href":"https:\/\/www.detalpalonoticias.com.ar\/wp\/wp-json\/wp\/v2\/posts"}],"about":[{"href":"https:\/\/www.detalpalonoticias.com.ar\/wp\/wp-json\/wp\/v2\/types\/post"}],"author":[{"embeddable":true,"href":"https:\/\/www.detalpalonoticias.com.ar\/wp\/wp-json\/wp\/v2\/users\/4"}],"replies":[{"embeddable":true,"href":"https:\/\/www.detalpalonoticias.com.ar\/wp\/wp-json\/wp\/v2\/comments?post=4802"}],"version-history":[{"count":1,"href":"https:\/\/www.detalpalonoticias.com.ar\/wp\/wp-json\/wp\/v2\/posts\/4802\/revisions"}],"predecessor-version":[{"id":4804,"href":"https:\/\/www.detalpalonoticias.com.ar\/wp\/wp-json\/wp\/v2\/posts\/4802\/revisions\/4804"}],"wp:featuredmedia":[{"embeddable":true,"href":"https:\/\/www.detalpalonoticias.com.ar\/wp\/wp-json\/wp\/v2\/media\/4803"}],"wp:attachment":[{"href":"https:\/\/www.detalpalonoticias.com.ar\/wp\/wp-json\/wp\/v2\/media?parent=4802"}],"wp:term":[{"taxonomy":"category","embeddable":true,"href":"https:\/\/www.detalpalonoticias.com.ar\/wp\/wp-json\/wp\/v2\/categories?post=4802"},{"taxonomy":"post_tag","embeddable":true,"href":"https:\/\/www.detalpalonoticias.com.ar\/wp\/wp-json\/wp\/v2\/tags?post=4802"}],"curies":[{"name":"wp","href":"https:\/\/api.w.org\/{rel}","templated":true}]}}