{"id":4727,"date":"2020-04-03T23:24:48","date_gmt":"2020-04-03T23:24:48","guid":{"rendered":"http:\/\/www.detalpalonoticias.com.ar\/wp\/?p=4727"},"modified":"2020-04-06T02:54:38","modified_gmt":"2020-04-06T02:54:38","slug":"el-banco-central-inicia-acciones-sumarias-a-entidades-financieras","status":"publish","type":"post","link":"https:\/\/www.detalpalonoticias.com.ar\/wp\/el-banco-central-inicia-acciones-sumarias-a-entidades-financieras\/","title":{"rendered":"El Banco Central inicia acciones sumarias a entidades financieras"},"content":{"rendered":"\n<p> En tanto, el Banco Central dispuso que las sucursales bancarias atiendan a partir de este s\u00e1bado ampliando su horario de 9 a 16, exclusivamente a jubilados y pensionados por ventanilla de acuerdo a la finalizaci\u00f3n del documento. <\/p>\n\n\n\n<p>\n\nEl Banco Central inici\u00f3 \u00abacciones sumarias a las entidades financieras que no han prestado el servicio acorde a las circunstancias\u00bb, informaron fuentes oficiales en referencia a los inconvenientes registrados hoy en muchos bancos para el pago de jubilaciones y beneficios sociales.<\/p>\n\n\n\n<p>Tambi\u00e9n dispuso que las sucursales bancarias atiendan a partir de este s\u00e1bado ampliando su horario de 9 a 16, exclusivamente a jubilados y pensionados por ventanilla de acuerdo a la finalizaci\u00f3n del documento.<\/p>\n\n\n\n<p><strong>Detalle del cronograma:<\/strong><\/p>\n\n\n\n<p>Pendientes de cobro del mes de marzo y jubilaciones no contributivas:<\/p>\n\n\n\n<p>S\u00e1bado 4 de abril &#8211; 0 y 1<br>Domingo 5 de abril &#8211; 2 y 3<br>Lunes 6 de abril &#8211; 4 y 5<br>Martes 7 de abril &#8211; 6, 7, 8 y 9<\/p>\n\n\n\n<p>Beneficios correspondientes al mes de abril<br>Lunes 6 de abril &#8211; 4 y 5 Pensiones no contributivas<br>Martes 7 de abril &#8211; 6, 7, 8 y 9 Pensiones no contributivas<br>Mi\u00e9rcoles 8 de abril &#8211; 0 Jubilaciones y Pensiones contributivas menores a 17.859 pesos<\/p>\n\n\n\n<p>Y a partir del lunes 13 de abril, se continua con el cronograma anunciado por ANSES.\n\n<\/p>\n","protected":false},"excerpt":{"rendered":"<p>En tanto, el Banco Central dispuso que las sucursales bancarias atiendan a partir de este s\u00e1bado ampliando su horario de 9 a 16, exclusivamente a jubilados y pensionados por ventanilla&hellip;<\/p>\n","protected":false},"author":4,"featured_media":4728,"comment_status":"closed","ping_status":"closed","sticky":false,"template":"","format":"standard","meta":{"jetpack_publicize_message":"","jetpack_is_tweetstorm":false,"jetpack_publicize_feature_enabled":true,"jetpack_social_post_already_shared":false,"jetpack_social_options":{"image_generator_settings":{"template":"highway","enabled":false}}},"categories":[291,1],"tags":[],"jetpack_publicize_connections":[],"jetpack_featured_media_url":"https:\/\/i0.wp.com\/www.detalpalonoticias.com.ar\/wp\/wp-content\/uploads\/2020\/04\/5e87821f989b5_1004x565.jpg?fit=600%2C337&ssl=1","jetpack_sharing_enabled":true,"_links":{"self":[{"href":"https:\/\/www.detalpalonoticias.com.ar\/wp\/wp-json\/wp\/v2\/posts\/4727"}],"collection":[{"href":"https:\/\/www.detalpalonoticias.com.ar\/wp\/wp-json\/wp\/v2\/posts"}],"about":[{"href":"https:\/\/www.detalpalonoticias.com.ar\/wp\/wp-json\/wp\/v2\/types\/post"}],"author":[{"embeddable":true,"href":"https:\/\/www.detalpalonoticias.com.ar\/wp\/wp-json\/wp\/v2\/users\/4"}],"replies":[{"embeddable":true,"href":"https:\/\/www.detalpalonoticias.com.ar\/wp\/wp-json\/wp\/v2\/comments?post=4727"}],"version-history":[{"count":1,"href":"https:\/\/www.detalpalonoticias.com.ar\/wp\/wp-json\/wp\/v2\/posts\/4727\/revisions"}],"predecessor-version":[{"id":4729,"href":"https:\/\/www.detalpalonoticias.com.ar\/wp\/wp-json\/wp\/v2\/posts\/4727\/revisions\/4729"}],"wp:featuredmedia":[{"embeddable":true,"href":"https:\/\/www.detalpalonoticias.com.ar\/wp\/wp-json\/wp\/v2\/media\/4728"}],"wp:attachment":[{"href":"https:\/\/www.detalpalonoticias.com.ar\/wp\/wp-json\/wp\/v2\/media?parent=4727"}],"wp:term":[{"taxonomy":"category","embeddable":true,"href":"https:\/\/www.detalpalonoticias.com.ar\/wp\/wp-json\/wp\/v2\/categories?post=4727"},{"taxonomy":"post_tag","embeddable":true,"href":"https:\/\/www.detalpalonoticias.com.ar\/wp\/wp-json\/wp\/v2\/tags?post=4727"}],"curies":[{"name":"wp","href":"https:\/\/api.w.org\/{rel}","templated":true}]}}