{"id":3761,"date":"2019-12-03T03:01:01","date_gmt":"2019-12-03T03:01:01","guid":{"rendered":"http:\/\/www.detalpalonoticias.com.ar\/wp\/?p=3761"},"modified":"2020-01-28T22:24:49","modified_gmt":"2020-01-28T22:24:49","slug":"sesion-preparatoria-del-concejo-deliberante-de-bell-ville","status":"publish","type":"post","link":"https:\/\/www.detalpalonoticias.com.ar\/wp\/sesion-preparatoria-del-concejo-deliberante-de-bell-ville\/","title":{"rendered":"Sesi\u00f3n preparatoria del Concejo Deliberante de Bell Ville"},"content":{"rendered":"\n<p>El pr\u00f3ximo mi\u00e9rcoles 4 de diciembre se realizar\u00e1 la sesi\u00f3n preparatoria del Concejo Deliberante de la ciudad de Bel Ville.<\/p>\n\n\n\n<p>La reuni\u00f3n se realizar\u00e1 en el sal\u00f3n Tau Cervantes en calle Rivadavia 47 desde las 20 hs.<\/p>\n\n\n\n<p>En ese acto se le tomar\u00e1 juramento a los concejales electos para el per\u00edodo 2&#8217;19 &#8211; 2013.<\/p>\n\n\n\n<p>La autoridades del concejo invitan a participar de dicho acto a toda la ciudadan\u00eda. <\/p>\n\n\n\n<p><\/p>\n","protected":false},"excerpt":{"rendered":"<p>El pr\u00f3ximo mi\u00e9rcoles 4 de diciembre se realizar\u00e1 la sesi\u00f3n preparatoria del Concejo Deliberante de la ciudad de Bel Ville. La reuni\u00f3n se realizar\u00e1 en el sal\u00f3n Tau Cervantes en&hellip;<\/p>\n","protected":false},"author":4,"featured_media":2483,"comment_status":"closed","ping_status":"closed","sticky":false,"template":"","format":"standard","meta":{"jetpack_publicize_message":"","jetpack_is_tweetstorm":false,"jetpack_publicize_feature_enabled":true,"jetpack_social_post_already_shared":false,"jetpack_social_options":{"image_generator_settings":{"template":"highway","enabled":false}}},"categories":[294,1,183],"tags":[],"jetpack_publicize_connections":[],"jetpack_featured_media_url":"https:\/\/i0.wp.com\/www.detalpalonoticias.com.ar\/wp\/wp-content\/uploads\/2019\/04\/concejo-deliberante.png?fit=600%2C600&ssl=1","jetpack_sharing_enabled":true,"_links":{"self":[{"href":"https:\/\/www.detalpalonoticias.com.ar\/wp\/wp-json\/wp\/v2\/posts\/3761"}],"collection":[{"href":"https:\/\/www.detalpalonoticias.com.ar\/wp\/wp-json\/wp\/v2\/posts"}],"about":[{"href":"https:\/\/www.detalpalonoticias.com.ar\/wp\/wp-json\/wp\/v2\/types\/post"}],"author":[{"embeddable":true,"href":"https:\/\/www.detalpalonoticias.com.ar\/wp\/wp-json\/wp\/v2\/users\/4"}],"replies":[{"embeddable":true,"href":"https:\/\/www.detalpalonoticias.com.ar\/wp\/wp-json\/wp\/v2\/comments?post=3761"}],"version-history":[{"count":1,"href":"https:\/\/www.detalpalonoticias.com.ar\/wp\/wp-json\/wp\/v2\/posts\/3761\/revisions"}],"predecessor-version":[{"id":3762,"href":"https:\/\/www.detalpalonoticias.com.ar\/wp\/wp-json\/wp\/v2\/posts\/3761\/revisions\/3762"}],"wp:featuredmedia":[{"embeddable":true,"href":"https:\/\/www.detalpalonoticias.com.ar\/wp\/wp-json\/wp\/v2\/media\/2483"}],"wp:attachment":[{"href":"https:\/\/www.detalpalonoticias.com.ar\/wp\/wp-json\/wp\/v2\/media?parent=3761"}],"wp:term":[{"taxonomy":"category","embeddable":true,"href":"https:\/\/www.detalpalonoticias.com.ar\/wp\/wp-json\/wp\/v2\/categories?post=3761"},{"taxonomy":"post_tag","embeddable":true,"href":"https:\/\/www.detalpalonoticias.com.ar\/wp\/wp-json\/wp\/v2\/tags?post=3761"}],"curies":[{"name":"wp","href":"https:\/\/api.w.org\/{rel}","templated":true}]}}