{"id":36,"date":"2018-05-09T11:30:07","date_gmt":"2018-05-09T11:30:07","guid":{"rendered":"http:\/\/www.detalpalonoticias.com.ar\/wp\/?p=36"},"modified":"2018-05-09T11:35:13","modified_gmt":"2018-05-09T11:35:13","slug":"hernan-barcos-podria-convertirse-en-jugador-del-santos-de-brasil","status":"publish","type":"post","link":"https:\/\/www.detalpalonoticias.com.ar\/wp\/hernan-barcos-podria-convertirse-en-jugador-del-santos-de-brasil\/","title":{"rendered":"Hern\u00e1n Barcos podr\u00eda convertirse en jugador del Santos de Brasil"},"content":{"rendered":"<p>El bellvillense Hern\u00e1n Barcos est\u00e1 muy cerca de convertirse en jugador de Santos, seg\u00fan publicaron este lunes medios deportivos brasile\u00f1os.<\/p>\n<p>Con 34 a\u00f1os, el atacante argentino que actualmente milita en Liga de Quito ya estuvo varias temporadas en el f\u00fatbol brasile\u00f1o, cuando visti\u00f3 las casacas de Palmeiras y Gremio.<\/p>\n<p>Seg\u00fan publicaron Gazeta Esportiva y Globo Esporte, las negociaciones entre el equipo santista y representantes del delantero cordob\u00e9s \u00abest\u00e1n en desarrollo\u00bb y el equipo paulista espera concretar el fichaje del jugador luego del Mundial Rusia 2018.<\/p>\n<p>Aunque el delantero tiene contrato con la Liga hasta diciembre de este a\u00f1o, hay una cl\u00e1usula de valor simb\u00f3lico que lo libera en caso de una oferta lucrativa de otro equipo.<\/p>\n<p>En dos ocasiones, Santos intent\u00f3 contratar antes al delantero exSporting de Lisboa, pero primero termin\u00f3 en V\u00e9lez y luego fue arrebatado por Liga de Quito.<\/p>\n<p>Barcos debut\u00f3 en la Primera Divisi\u00f3n del f\u00fatbol argentino el 13 de agosto del 2004 vistiendo la camiseta de Racing, en un partido frente a Argentinos Juniors, luego pas\u00f3 por Guaran\u00ed (Paraguay), Olmedo (Ecuador) y Estrella Roja (Serbia), entre otros clubes.<\/p>\n<p>El objetivo de la contrataci\u00f3n de Santos es enfrentar con \u00e9xito los octavos de final de la Copa Libertadores de Am\u00e9rica, instancia a la cual ya est\u00e1 clasificado.<\/p>\n","protected":false},"excerpt":{"rendered":"<p>El bellvillense Hern\u00e1n Barcos est\u00e1 muy cerca de convertirse en jugador de Santos, seg\u00fan publicaron este lunes medios deportivos brasile\u00f1os. Con 34 a\u00f1os, el atacante argentino que actualmente milita en&hellip;<\/p>\n","protected":false},"author":4,"featured_media":37,"comment_status":"closed","ping_status":"closed","sticky":false,"template":"","format":"standard","meta":{"jetpack_publicize_message":"","jetpack_is_tweetstorm":false,"jetpack_publicize_feature_enabled":true,"jetpack_social_post_already_shared":false,"jetpack_social_options":{"image_generator_settings":{"template":"highway","enabled":false}}},"categories":[1],"tags":[],"jetpack_publicize_connections":[],"jetpack_featured_media_url":"https:\/\/i0.wp.com\/www.detalpalonoticias.com.ar\/wp\/wp-content\/uploads\/2018\/05\/32077911_1093633887457083_1041373052081799168_n.jpg?fit=416%2C234&ssl=1","jetpack_sharing_enabled":true,"_links":{"self":[{"href":"https:\/\/www.detalpalonoticias.com.ar\/wp\/wp-json\/wp\/v2\/posts\/36"}],"collection":[{"href":"https:\/\/www.detalpalonoticias.com.ar\/wp\/wp-json\/wp\/v2\/posts"}],"about":[{"href":"https:\/\/www.detalpalonoticias.com.ar\/wp\/wp-json\/wp\/v2\/types\/post"}],"author":[{"embeddable":true,"href":"https:\/\/www.detalpalonoticias.com.ar\/wp\/wp-json\/wp\/v2\/users\/4"}],"replies":[{"embeddable":true,"href":"https:\/\/www.detalpalonoticias.com.ar\/wp\/wp-json\/wp\/v2\/comments?post=36"}],"version-history":[{"count":1,"href":"https:\/\/www.detalpalonoticias.com.ar\/wp\/wp-json\/wp\/v2\/posts\/36\/revisions"}],"predecessor-version":[{"id":38,"href":"https:\/\/www.detalpalonoticias.com.ar\/wp\/wp-json\/wp\/v2\/posts\/36\/revisions\/38"}],"wp:featuredmedia":[{"embeddable":true,"href":"https:\/\/www.detalpalonoticias.com.ar\/wp\/wp-json\/wp\/v2\/media\/37"}],"wp:attachment":[{"href":"https:\/\/www.detalpalonoticias.com.ar\/wp\/wp-json\/wp\/v2\/media?parent=36"}],"wp:term":[{"taxonomy":"category","embeddable":true,"href":"https:\/\/www.detalpalonoticias.com.ar\/wp\/wp-json\/wp\/v2\/categories?post=36"},{"taxonomy":"post_tag","embeddable":true,"href":"https:\/\/www.detalpalonoticias.com.ar\/wp\/wp-json\/wp\/v2\/tags?post=36"}],"curies":[{"name":"wp","href":"https:\/\/api.w.org\/{rel}","templated":true}]}}