{"id":3158,"date":"2019-09-18T23:09:21","date_gmt":"2019-09-18T23:09:21","guid":{"rendered":"http:\/\/www.detalpalonoticias.com.ar\/wp\/?p=3158"},"modified":"2020-01-28T22:35:19","modified_gmt":"2020-01-28T22:35:19","slug":"la-obra-de-la-rotonda-sobre-ruta-nacional-n-9-en-bell-ville-avanza-fue-recorrida-por-el-presidente-de-vialidad-provincial","status":"publish","type":"post","link":"https:\/\/www.detalpalonoticias.com.ar\/wp\/la-obra-de-la-rotonda-sobre-ruta-nacional-n-9-en-bell-ville-avanza-fue-recorrida-por-el-presidente-de-vialidad-provincial\/","title":{"rendered":"La obra de la rotonda sobre Ruta Nacional N\u00b0 9 en Bell Ville avanza, fue recorrida por el Presidente de Vialidad Provincial."},"content":{"rendered":"\n<p>El Presidente de Vialidad Provincial, Osvaldo Vottero &nbsp;visit\u00f3 en la regi\u00f3n varias obras que lleva\nadelante el gobierno de la provincia C\u00f3rdoba, uno de ellos en &nbsp;la zona de la ruta provincial N\u00b0 3 entre &nbsp;W. Escalante y Canals, all\u00ed sobre el r\u00edo saladillo\nest\u00e1n &nbsp;construyendo un nuevo puente de 90\nmetros de longitud que reemplaza al existente de 25 metros, &nbsp;para evitar, de esa manera, los anegamientos\nque genera &nbsp;el r\u00edo cuando las\nprecipitaciones son importantes, adem\u00e1s recorri\u00f3 la obra de rehabilitaci\u00f3n de\nla ruta 3 entre la ruta nacional N\u00b0 8 y la Ruta 11, la que tiene un importante\navance , pr\u00e1cticamente un 95% de ser terminado.<\/p>\n\n\n\n<p>A su paso por Bell Ville, Vottero, mantuvo contacto con la\nprensa local en el espacio donde se est\u00e1 trabajando en la rotonda &nbsp;que hace el desv\u00edo del tr\u00e1nsito pesado e\ninterconecta la ruta Nac. N\u00b09 &nbsp;con la circunvalaci\u00f3n\nde Bell Ville hacia la ruta 3 sur y la conectividad de &nbsp;este punto con la autopista.<\/p>\n\n\n\n<p>La parte que falta es compleja para trabajar sobre la ruta\nNac. N\u00b0 9, &nbsp;ya que el transito est\u00e1\nhabilitado y circula &nbsp;mucha gente, hasta\nahora se trabaj\u00f3 por &nbsp;partes, el tramo\ndesde la ruta 9 hacia la autopista est\u00e1 muy avanzado, le falta muy poco y est\u00e1\nmuy avanzado el tramo entre &nbsp;ruta 9 hacia\nel r\u00edo.<\/p>\n\n\n\n<p>El funcionario provincial dijo \u201cestamos viendo con la\nempresa constructora &nbsp;y la Polic\u00eda Caminera,\nde qu\u00e9 manera generamos los desv\u00edos de tr\u00e1nsito para tratar de hacerlo lo menos\ntraum\u00e1tico posible, &nbsp;son pocos los metros\nque van a quedar, pero nos va a llevar &nbsp;su tiempo por m\u00e1s que pongamos acelerante de frag\u00fce\n&nbsp;en el hormig\u00f3n, &nbsp;vamos a tener un tiempito de complicaci\u00f3n, el\nobjetivo es que mucho antes del final de este a\u00f1o podamos concluir el trabajo\nen esta rotonda\u201d, expres\u00f3.<\/p>\n\n\n\n<p>Al referirse a otras obras internas en la ciudad de Bell\nVille, dijo &nbsp;\u201ctenemos otro compromiso\nasumido de parte del gobierno de la provincia de C\u00f3rdoba y qu\u00e9 tiene que ver\ncon la interconexi\u00f3n de los que va a ser una alternativa para llegar al centro\nde la ciudad desde la ruta 9 o desde la circunvalaci\u00f3n, que es la prolongaci\u00f3n\nde calle C\u00f3rdoba y la construcci\u00f3n de un nuevo puente que ya ha sido licitado y\n&nbsp;adjudicado, &nbsp;est\u00e1 en etapa de avales de contrato y en\ndefinitiva la empresa que tiene a su cargo, Pasquini, que es la misma que actualmente\nconstruye un puente en el sector del r\u00edo Suqu\u00eda, en la ca\u00f1ada realiza, &nbsp;est\u00e1 trabajando en la construcci\u00f3n de otro\npuente que va a ser otro \u00edcono del turismo en Carlos paz, es &nbsp;un puente c\u00e9ntrico, &nbsp;esa misma empresa, viene hacer este puente un\npuente distinto a lo que ustedes tienen aqu\u00ed construido, &nbsp;por qu\u00e9 es con arco, pero no invertido sino\ncon arco colgante\u201d declar\u00f3 Vottero.<\/p>\n\n\n\n<p>&nbsp;Repas\u00f3 las obras\nviales que viene realizando el gobernador Schiaretti, para todos los\ncordobeses,&nbsp; \u201c176 son las que comenzamos\na &nbsp;construir en el a\u00f1o 2016, m\u00e1s de 150\nest\u00e1n terminas y las otras est\u00e1n por terminarse antes de fin de a\u00f1o y algunas\nprincipio del a\u00f1o pr\u00f3ximo, son obras que no est\u00e1n en un solo punto de la\nprovincia, est\u00e1n en todo el territorio, porque en definitiva entendemos que\nC\u00f3rdoba es un todo y que todos los cordobeses nos merecemos estar debidamente\natendido por parte del gobierno\u201d finaliz\u00f3 el presidente de Vialidad Provincial.<\/p>\n","protected":false},"excerpt":{"rendered":"<p>El Presidente de Vialidad Provincial, Osvaldo Vottero &nbsp;visit\u00f3 en la regi\u00f3n varias obras que lleva adelante el gobierno de la provincia C\u00f3rdoba, uno de ellos en &nbsp;la zona de la&hellip;<\/p>\n","protected":false},"author":4,"featured_media":3159,"comment_status":"closed","ping_status":"closed","sticky":false,"template":"","format":"standard","meta":{"jetpack_publicize_message":"","jetpack_is_tweetstorm":false,"jetpack_publicize_feature_enabled":true,"jetpack_social_post_already_shared":true,"jetpack_social_options":{"image_generator_settings":{"template":"highway","enabled":false}}},"categories":[294,1],"tags":[],"jetpack_publicize_connections":[],"jetpack_featured_media_url":"https:\/\/i0.wp.com\/www.detalpalonoticias.com.ar\/wp\/wp-content\/uploads\/2019\/09\/VOTTERO2.jpeg?fit=600%2C343&ssl=1","jetpack_sharing_enabled":true,"_links":{"self":[{"href":"https:\/\/www.detalpalonoticias.com.ar\/wp\/wp-json\/wp\/v2\/posts\/3158"}],"collection":[{"href":"https:\/\/www.detalpalonoticias.com.ar\/wp\/wp-json\/wp\/v2\/posts"}],"about":[{"href":"https:\/\/www.detalpalonoticias.com.ar\/wp\/wp-json\/wp\/v2\/types\/post"}],"author":[{"embeddable":true,"href":"https:\/\/www.detalpalonoticias.com.ar\/wp\/wp-json\/wp\/v2\/users\/4"}],"replies":[{"embeddable":true,"href":"https:\/\/www.detalpalonoticias.com.ar\/wp\/wp-json\/wp\/v2\/comments?post=3158"}],"version-history":[{"count":1,"href":"https:\/\/www.detalpalonoticias.com.ar\/wp\/wp-json\/wp\/v2\/posts\/3158\/revisions"}],"predecessor-version":[{"id":3160,"href":"https:\/\/www.detalpalonoticias.com.ar\/wp\/wp-json\/wp\/v2\/posts\/3158\/revisions\/3160"}],"wp:featuredmedia":[{"embeddable":true,"href":"https:\/\/www.detalpalonoticias.com.ar\/wp\/wp-json\/wp\/v2\/media\/3159"}],"wp:attachment":[{"href":"https:\/\/www.detalpalonoticias.com.ar\/wp\/wp-json\/wp\/v2\/media?parent=3158"}],"wp:term":[{"taxonomy":"category","embeddable":true,"href":"https:\/\/www.detalpalonoticias.com.ar\/wp\/wp-json\/wp\/v2\/categories?post=3158"},{"taxonomy":"post_tag","embeddable":true,"href":"https:\/\/www.detalpalonoticias.com.ar\/wp\/wp-json\/wp\/v2\/tags?post=3158"}],"curies":[{"name":"wp","href":"https:\/\/api.w.org\/{rel}","templated":true}]}}