{"id":278,"date":"2018-05-24T19:10:00","date_gmt":"2018-05-24T19:10:00","guid":{"rendered":"http:\/\/www.detalpalonoticias.com.ar\/wp\/?p=278"},"modified":"2018-05-24T19:16:33","modified_gmt":"2018-05-24T19:16:33","slug":"la-orquesta-provincial-de-musica-ciudadana-hoy-en-el-coliseo","status":"publish","type":"post","link":"https:\/\/www.detalpalonoticias.com.ar\/wp\/la-orquesta-provincial-de-musica-ciudadana-hoy-en-el-coliseo\/","title":{"rendered":"La Orquesta Provincial de M\u00fasica Ciudadana, hoy en el Coliseo"},"content":{"rendered":"<p>Esta noche se cumplir\u00e1 la Funci\u00f3n de Gala en el Teatro Coliseo desde las 21:00, con la presentaci\u00f3n del \u201cConcierto patrio\u201d a cargo de la Orquesta Provincial de M\u00fasica Ciudadana.<br \/>\nCuenta con la organizaci\u00f3n de la Direcci\u00f3n de Educaci\u00f3n y Cultura. el evento ha sido declarado de \u201cInter\u00e9s Municipal\u201d por Decreto N\u00ba 2.886-2018, del Intendente, Dr. Carlos Briner.<\/p>\n<p>La Orquesta de M\u00fasica Ciudadana creada en 1984, hizo su debut el 9 de mayo de 1992, gracias a la iniciativa de los m\u00fasicos Nelson Castro, Jorge Arduh y Carlos Nieto, referentes de la m\u00fasica ciudadana de C\u00f3rdoba, y del historiador Efra\u00edn U. Bischoff, autor del libro \u201cC\u00f3rdoba y el Tango\u201d.<\/p>\n<p>Actualmente, su director es Dami\u00e1n Torres, bandoneonista, arreglador y compositor nacido en Corral de Bustos. Estudi\u00f3 bandone\u00f3n con Domingo Federico en la Escuela de M\u00fasica de la Universidad Nacional de Rosario; y armon\u00eda y composici\u00f3n con Jorge Horst. Tom\u00f3 adem\u00e1s clases con N\u00e9stor Marconi y Julio Pane.<\/p>\n<p>Se contar\u00e1 adem\u00e1s con la voz de Gustavo Visent\u00edn, uno de los m\u00e1ximos exponentes del tango de nuestra provincia y en el repertorio se incluyen temas de An\u00edbal Troilo, Homero Manzi y Juan de Dios Filiberto, entre otros grandes de la m\u00fasica ciudadana. Bailan Rosal\u00eda y Walter.<\/p>\n<div class=\"tiled-gallery type-rectangular tiled-gallery-unresized\" data-original-width=\"640\" data-carousel-extra='null' itemscope itemtype=\"http:\/\/schema.org\/ImageGallery\" > <div class=\"gallery-row\" style=\"width: 640px; height: 903px;\" data-original-width=\"640\" data-original-height=\"903\" > <div class=\"gallery-group images-1\" style=\"width: 640px; height: 903px;\" data-original-width=\"640\" data-original-height=\"903\" > <div class=\"tiled-gallery-item tiled-gallery-item-large\" itemprop=\"associatedMedia\" itemscope itemtype=\"http:\/\/schema.org\/ImageObject\"> <a href=\"https:\/\/www.detalpalonoticias.com.ar\/wp\/la-orquesta-provincial-de-musica-ciudadana-hoy-en-el-coliseo\/opmc\/\" border=\"0\" itemprop=\"url\"> <meta itemprop=\"width\" content=\"636\"> <meta itemprop=\"height\" content=\"899\"> <img data-attachment-id=\"279\" data-orig-file=\"https:\/\/www.detalpalonoticias.com.ar\/wp\/wp-content\/uploads\/2018\/05\/OPMC.jpg\" data-orig-size=\"600,848\" data-comments-opened=\"\" data-image-meta=\"{&quot;aperture&quot;:&quot;0&quot;,&quot;credit&quot;:&quot;&quot;,&quot;camera&quot;:&quot;&quot;,&quot;caption&quot;:&quot;&quot;,&quot;created_timestamp&quot;:&quot;0&quot;,&quot;copyright&quot;:&quot;&quot;,&quot;focal_length&quot;:&quot;0&quot;,&quot;iso&quot;:&quot;0&quot;,&quot;shutter_speed&quot;:&quot;0&quot;,&quot;title&quot;:&quot;&quot;,&quot;orientation&quot;:&quot;1&quot;}\" data-image-title=\"ORQUESTA PROVIUDADANANCIAL MUSICA CI\" data-image-description=\"\" data-medium-file=\"https:\/\/i0.wp.com\/www.detalpalonoticias.com.ar\/wp\/wp-content\/uploads\/2018\/05\/OPMC.jpg?fit=212%2C300&#038;ssl=1\" data-large-file=\"https:\/\/i0.wp.com\/www.detalpalonoticias.com.ar\/wp\/wp-content\/uploads\/2018\/05\/OPMC.jpg?fit=600%2C848&#038;ssl=1\" src=\"https:\/\/i0.wp.com\/www.detalpalonoticias.com.ar\/wp\/wp-content\/uploads\/2018\/05\/OPMC.jpg?w=636&#038;h=899&#038;ssl=1\" width=\"636\" height=\"899\" data-original-width=\"636\" data-original-height=\"899\" itemprop=\"http:\/\/schema.org\/image\" title=\"ORQUESTA PROVIUDADANANCIAL MUSICA CI\" alt=\"ORQUESTA PROVIUDADANANCIAL MUSICA CI\" style=\"width: 636px; height: 899px;\" \/> <\/a> <\/div> <\/div> <!-- close group --> <\/div> <!-- close row --> <\/div>\n<p>&nbsp;<\/p>\n<p>&nbsp;<\/p>\n","protected":false},"excerpt":{"rendered":"<p>Esta noche se cumplir\u00e1 la Funci\u00f3n de Gala en el Teatro Coliseo desde las 21:00, con la presentaci\u00f3n del \u201cConcierto patrio\u201d a cargo de la Orquesta Provincial de M\u00fasica Ciudadana.&hellip;<\/p>\n","protected":false},"author":4,"featured_media":281,"comment_status":"closed","ping_status":"closed","sticky":false,"template":"","format":"standard","meta":{"jetpack_publicize_message":"","jetpack_is_tweetstorm":false,"jetpack_publicize_feature_enabled":true,"jetpack_social_post_already_shared":false,"jetpack_social_options":{"image_generator_settings":{"template":"highway","enabled":false}}},"categories":[39,1],"tags":[],"jetpack_publicize_connections":[],"jetpack_featured_media_url":"https:\/\/i0.wp.com\/www.detalpalonoticias.com.ar\/wp\/wp-content\/uploads\/2018\/05\/OPMC1.jpg?fit=600%2C487&ssl=1","jetpack_sharing_enabled":true,"_links":{"self":[{"href":"https:\/\/www.detalpalonoticias.com.ar\/wp\/wp-json\/wp\/v2\/posts\/278"}],"collection":[{"href":"https:\/\/www.detalpalonoticias.com.ar\/wp\/wp-json\/wp\/v2\/posts"}],"about":[{"href":"https:\/\/www.detalpalonoticias.com.ar\/wp\/wp-json\/wp\/v2\/types\/post"}],"author":[{"embeddable":true,"href":"https:\/\/www.detalpalonoticias.com.ar\/wp\/wp-json\/wp\/v2\/users\/4"}],"replies":[{"embeddable":true,"href":"https:\/\/www.detalpalonoticias.com.ar\/wp\/wp-json\/wp\/v2\/comments?post=278"}],"version-history":[{"count":3,"href":"https:\/\/www.detalpalonoticias.com.ar\/wp\/wp-json\/wp\/v2\/posts\/278\/revisions"}],"predecessor-version":[{"id":283,"href":"https:\/\/www.detalpalonoticias.com.ar\/wp\/wp-json\/wp\/v2\/posts\/278\/revisions\/283"}],"wp:featuredmedia":[{"embeddable":true,"href":"https:\/\/www.detalpalonoticias.com.ar\/wp\/wp-json\/wp\/v2\/media\/281"}],"wp:attachment":[{"href":"https:\/\/www.detalpalonoticias.com.ar\/wp\/wp-json\/wp\/v2\/media?parent=278"}],"wp:term":[{"taxonomy":"category","embeddable":true,"href":"https:\/\/www.detalpalonoticias.com.ar\/wp\/wp-json\/wp\/v2\/categories?post=278"},{"taxonomy":"post_tag","embeddable":true,"href":"https:\/\/www.detalpalonoticias.com.ar\/wp\/wp-json\/wp\/v2\/tags?post=278"}],"curies":[{"name":"wp","href":"https:\/\/api.w.org\/{rel}","templated":true}]}}