{"id":14067,"date":"2026-03-13T11:16:37","date_gmt":"2026-03-13T11:16:37","guid":{"rendered":"https:\/\/www.detalpalonoticias.com.ar\/wp\/?p=14067"},"modified":"2026-03-14T14:46:03","modified_gmt":"2026-03-14T14:46:03","slug":"dolor-en-cordoba-murio-un-policia-durante-un-operativo-en-una-vivienda","status":"publish","type":"post","link":"https:\/\/www.detalpalonoticias.com.ar\/wp\/dolor-en-cordoba-murio-un-policia-durante-un-operativo-en-una-vivienda\/","title":{"rendered":"Dolor en C\u00f3rdoba: muri\u00f3 un polic\u00eda durante un operativo en una vivienda."},"content":{"rendered":"\n<p>Un tr\u00e1gico hecho ocurri\u00f3 este jueves por la noche en <strong>Villa Belgrano, en la ciudad de C\u00f3rdoba<\/strong>, donde un efectivo policial perdi\u00f3 la vida mientras interven\u00eda en un procedimiento por un robo domiciliario.<\/p>\n\n\n\n<p>El episodio se registr\u00f3 <strong>pasadas las 21 horas<\/strong>, cuando delincuentes ingresaron a una vivienda del sector. Tras activarse la alarma del domicilio, <strong>vecinos alertaron al 911<\/strong>, lo que motiv\u00f3 la r\u00e1pida llegada de personal policial al lugar.<\/p>\n\n\n\n<p>Seg\u00fan las primeras informaciones, <strong>los ladrones habr\u00edan maniatado parcialmente al propietario de la vivienda<\/strong> antes de darse a la fuga.<\/p>\n\n\n\n<p>Al arribar los uniformados, <strong>la puerta de la casa se encontraba abierta<\/strong>, por lo que el <strong>suboficial Luis Azabal<\/strong> decidi\u00f3 ingresar al domicilio para verificar la situaci\u00f3n.<\/p>\n\n\n\n<p>En ese momento, el due\u00f1o de la vivienda, que hab\u00eda logrado liberarse de las ataduras y se encontraba armado con <strong>permiso habilitante<\/strong>, crey\u00f3 que se trataba de uno de los delincuentes y <strong>efectu\u00f3 un disparo que impact\u00f3 en la zona de la clav\u00edcula del efectivo policial<\/strong>.<\/p>\n\n\n\n<p>La herida se produjo <strong>unos cent\u00edmetros por encima del chaleco antibalas<\/strong>, lo que provoc\u00f3 lesiones de extrema gravedad.<\/p>\n\n\n\n<p>El suboficial fue trasladado de urgencia a un centro de salud de la zona, pero <strong>lamentablemente falleci\u00f3 minutos despu\u00e9s producto de la herida recibida<\/strong>.<\/p>\n\n\n\n<p>El <strong>ministro de Seguridad de C\u00f3rdoba, Juan Pablo Quinteros<\/strong>, se hizo presente en el hospital para comunicar la tr\u00e1gica noticia a los familiares del efectivo.<\/p>\n\n\n\n<p>El hecho gener\u00f3 <strong>profunda conmoci\u00f3n en la fuerza policial y en toda la provincia<\/strong>, en un episodio que, seg\u00fan las primeras investigaciones, se habr\u00eda producido <strong>por una tr\u00e1gica confusi\u00f3n<\/strong>.<\/p>\n","protected":false},"excerpt":{"rendered":"<p>Un tr\u00e1gico hecho ocurri\u00f3 este jueves por la noche en Villa Belgrano, en la ciudad de C\u00f3rdoba, donde un efectivo policial perdi\u00f3 la vida mientras interven\u00eda en un procedimiento por&hellip;<\/p>\n","protected":false},"author":4,"featured_media":14068,"comment_status":"closed","ping_status":"closed","sticky":false,"template":"","format":"standard","meta":{"jetpack_publicize_message":"","jetpack_is_tweetstorm":false,"jetpack_publicize_feature_enabled":true,"jetpack_social_post_already_shared":true,"jetpack_social_options":{"image_generator_settings":{"template":"highway","enabled":false}}},"categories":[1],"tags":[],"jetpack_publicize_connections":[],"jetpack_featured_media_url":"https:\/\/i0.wp.com\/www.detalpalonoticias.com.ar\/wp\/wp-content\/uploads\/2026\/03\/pol-cba.jpg?fit=600%2C454&ssl=1","jetpack_sharing_enabled":true,"_links":{"self":[{"href":"https:\/\/www.detalpalonoticias.com.ar\/wp\/wp-json\/wp\/v2\/posts\/14067"}],"collection":[{"href":"https:\/\/www.detalpalonoticias.com.ar\/wp\/wp-json\/wp\/v2\/posts"}],"about":[{"href":"https:\/\/www.detalpalonoticias.com.ar\/wp\/wp-json\/wp\/v2\/types\/post"}],"author":[{"embeddable":true,"href":"https:\/\/www.detalpalonoticias.com.ar\/wp\/wp-json\/wp\/v2\/users\/4"}],"replies":[{"embeddable":true,"href":"https:\/\/www.detalpalonoticias.com.ar\/wp\/wp-json\/wp\/v2\/comments?post=14067"}],"version-history":[{"count":1,"href":"https:\/\/www.detalpalonoticias.com.ar\/wp\/wp-json\/wp\/v2\/posts\/14067\/revisions"}],"predecessor-version":[{"id":14069,"href":"https:\/\/www.detalpalonoticias.com.ar\/wp\/wp-json\/wp\/v2\/posts\/14067\/revisions\/14069"}],"wp:featuredmedia":[{"embeddable":true,"href":"https:\/\/www.detalpalonoticias.com.ar\/wp\/wp-json\/wp\/v2\/media\/14068"}],"wp:attachment":[{"href":"https:\/\/www.detalpalonoticias.com.ar\/wp\/wp-json\/wp\/v2\/media?parent=14067"}],"wp:term":[{"taxonomy":"category","embeddable":true,"href":"https:\/\/www.detalpalonoticias.com.ar\/wp\/wp-json\/wp\/v2\/categories?post=14067"},{"taxonomy":"post_tag","embeddable":true,"href":"https:\/\/www.detalpalonoticias.com.ar\/wp\/wp-json\/wp\/v2\/tags?post=14067"}],"curies":[{"name":"wp","href":"https:\/\/api.w.org\/{rel}","templated":true}]}}