{"id":12827,"date":"2024-09-20T02:44:21","date_gmt":"2024-09-20T02:44:21","guid":{"rendered":"https:\/\/www.detalpalonoticias.com.ar\/wp\/?p=12827"},"modified":"2025-05-24T20:18:39","modified_gmt":"2025-05-24T20:18:39","slug":"bell-ville-fallecido-tras-accidente-de-transito","status":"publish","type":"post","link":"https:\/\/www.detalpalonoticias.com.ar\/wp\/bell-ville-fallecido-tras-accidente-de-transito\/","title":{"rendered":"Bell Ville: \u00a0Fallecido tras accidente de tr\u00e1nsito"},"content":{"rendered":"\n<p>En las \u00faltimas horas, personal policial tom\u00f3 conocimiento por parte de facultativos del Hospital Regional Ceballos, sobre el fallecimiento de un hombre de 57 a\u00f1os quien horas antes hab\u00eda sido ingresado tras protagonizar un accidente de tr\u00e1nsito y quedar atrapado dentro de su veh\u00edculo Ford Ka en Ruta Provincial N\u00ba 3 Km 179 (entre Bell Ville y Cintra), donde fue asistido y trasladado al nosocomio por personal de bomberos. <\/p>\n\n\n\n<p>Por causas que se tratan a establecer, se produjo una colisi\u00f3n entre el veh\u00edculo mencionado y una camioneta Fiat Toro guiado por una mujer de 53, acompa\u00f1ada por un hombre de 49 a\u00f1os de edad.<\/p>\n\n\n\n<p>Se investigan las circunstancias que originaron el suceso.<\/p>\n\n\n\n<figure class=\"wp-block-gallery has-nested-images columns-default is-cropped wp-block-gallery-1 is-layout-flex\">\n<figure class=\"wp-block-image size-large\"><a href=\"https:\/\/i0.wp.com\/www.detalpalonoticias.com.ar\/wp\/wp-content\/uploads\/2024\/09\/accidente-19-9-4.jpeg?ssl=1\"><img decoding=\"async\" loading=\"lazy\" width=\"640\" height=\"331\" data-id=\"12829\"  src=\"https:\/\/i0.wp.com\/www.detalpalonoticias.com.ar\/wp\/wp-content\/uploads\/2024\/09\/accidente-19-9-4-1024x529.jpeg?resize=640%2C331&#038;ssl=1\" alt=\"\" class=\"wp-image-12829\" srcset=\"https:\/\/i0.wp.com\/www.detalpalonoticias.com.ar\/wp\/wp-content\/uploads\/2024\/09\/accidente-19-9-4.jpeg?resize=1024%2C529&amp;ssl=1 1024w, https:\/\/i0.wp.com\/www.detalpalonoticias.com.ar\/wp\/wp-content\/uploads\/2024\/09\/accidente-19-9-4.jpeg?resize=300%2C155&amp;ssl=1 300w, https:\/\/i0.wp.com\/www.detalpalonoticias.com.ar\/wp\/wp-content\/uploads\/2024\/09\/accidente-19-9-4.jpeg?resize=768%2C396&amp;ssl=1 768w, https:\/\/i0.wp.com\/www.detalpalonoticias.com.ar\/wp\/wp-content\/uploads\/2024\/09\/accidente-19-9-4.jpeg?resize=1536%2C793&amp;ssl=1 1536w, https:\/\/i0.wp.com\/www.detalpalonoticias.com.ar\/wp\/wp-content\/uploads\/2024\/09\/accidente-19-9-4.jpeg?w=1600&amp;ssl=1 1600w, https:\/\/i0.wp.com\/www.detalpalonoticias.com.ar\/wp\/wp-content\/uploads\/2024\/09\/accidente-19-9-4.jpeg?w=1280 1280w\" sizes=\"(max-width: 640px) 100vw, 640px\" data-recalc-dims=\"1\" \/><\/a><\/figure>\n\n\n\n<figure class=\"wp-block-image size-large\"><a href=\"https:\/\/i0.wp.com\/www.detalpalonoticias.com.ar\/wp\/wp-content\/uploads\/2024\/09\/accidente-19-9-5.jpeg?ssl=1\"><img decoding=\"async\" loading=\"lazy\" width=\"640\" height=\"354\" data-id=\"12828\"  src=\"https:\/\/i0.wp.com\/www.detalpalonoticias.com.ar\/wp\/wp-content\/uploads\/2024\/09\/accidente-19-9-5-1024x567.jpeg?resize=640%2C354&#038;ssl=1\" alt=\"\" class=\"wp-image-12828\" srcset=\"https:\/\/i0.wp.com\/www.detalpalonoticias.com.ar\/wp\/wp-content\/uploads\/2024\/09\/accidente-19-9-5.jpeg?resize=1024%2C567&amp;ssl=1 1024w, https:\/\/i0.wp.com\/www.detalpalonoticias.com.ar\/wp\/wp-content\/uploads\/2024\/09\/accidente-19-9-5.jpeg?resize=300%2C166&amp;ssl=1 300w, https:\/\/i0.wp.com\/www.detalpalonoticias.com.ar\/wp\/wp-content\/uploads\/2024\/09\/accidente-19-9-5.jpeg?resize=768%2C425&amp;ssl=1 768w, https:\/\/i0.wp.com\/www.detalpalonoticias.com.ar\/wp\/wp-content\/uploads\/2024\/09\/accidente-19-9-5.jpeg?resize=1536%2C850&amp;ssl=1 1536w, https:\/\/i0.wp.com\/www.detalpalonoticias.com.ar\/wp\/wp-content\/uploads\/2024\/09\/accidente-19-9-5.jpeg?w=1597&amp;ssl=1 1597w, https:\/\/i0.wp.com\/www.detalpalonoticias.com.ar\/wp\/wp-content\/uploads\/2024\/09\/accidente-19-9-5.jpeg?w=1280 1280w\" sizes=\"(max-width: 640px) 100vw, 640px\" data-recalc-dims=\"1\" \/><\/a><\/figure>\n<\/figure>\n","protected":false},"excerpt":{"rendered":"<p>En las \u00faltimas horas, personal policial tom\u00f3 conocimiento por parte de facultativos del Hospital Regional Ceballos, sobre el fallecimiento de un hombre de 57 a\u00f1os quien horas antes hab\u00eda sido&hellip;<\/p>\n","protected":false},"author":4,"featured_media":12828,"comment_status":"closed","ping_status":"closed","sticky":false,"template":"","format":"standard","meta":{"jetpack_publicize_message":"","jetpack_is_tweetstorm":false,"jetpack_publicize_feature_enabled":true,"jetpack_social_post_already_shared":true,"jetpack_social_options":{"image_generator_settings":{"template":"highway","enabled":false}}},"categories":[294,61,1],"tags":[],"jetpack_publicize_connections":[],"jetpack_featured_media_url":"https:\/\/i0.wp.com\/www.detalpalonoticias.com.ar\/wp\/wp-content\/uploads\/2024\/09\/accidente-19-9-5.jpeg?fit=1597%2C884&ssl=1","jetpack_sharing_enabled":true,"_links":{"self":[{"href":"https:\/\/www.detalpalonoticias.com.ar\/wp\/wp-json\/wp\/v2\/posts\/12827"}],"collection":[{"href":"https:\/\/www.detalpalonoticias.com.ar\/wp\/wp-json\/wp\/v2\/posts"}],"about":[{"href":"https:\/\/www.detalpalonoticias.com.ar\/wp\/wp-json\/wp\/v2\/types\/post"}],"author":[{"embeddable":true,"href":"https:\/\/www.detalpalonoticias.com.ar\/wp\/wp-json\/wp\/v2\/users\/4"}],"replies":[{"embeddable":true,"href":"https:\/\/www.detalpalonoticias.com.ar\/wp\/wp-json\/wp\/v2\/comments?post=12827"}],"version-history":[{"count":1,"href":"https:\/\/www.detalpalonoticias.com.ar\/wp\/wp-json\/wp\/v2\/posts\/12827\/revisions"}],"predecessor-version":[{"id":12830,"href":"https:\/\/www.detalpalonoticias.com.ar\/wp\/wp-json\/wp\/v2\/posts\/12827\/revisions\/12830"}],"wp:featuredmedia":[{"embeddable":true,"href":"https:\/\/www.detalpalonoticias.com.ar\/wp\/wp-json\/wp\/v2\/media\/12828"}],"wp:attachment":[{"href":"https:\/\/www.detalpalonoticias.com.ar\/wp\/wp-json\/wp\/v2\/media?parent=12827"}],"wp:term":[{"taxonomy":"category","embeddable":true,"href":"https:\/\/www.detalpalonoticias.com.ar\/wp\/wp-json\/wp\/v2\/categories?post=12827"},{"taxonomy":"post_tag","embeddable":true,"href":"https:\/\/www.detalpalonoticias.com.ar\/wp\/wp-json\/wp\/v2\/tags?post=12827"}],"curies":[{"name":"wp","href":"https:\/\/api.w.org\/{rel}","templated":true}]}}