{"id":12634,"date":"2024-08-01T12:48:10","date_gmt":"2024-08-01T12:48:10","guid":{"rendered":"https:\/\/www.detalpalonoticias.com.ar\/wp\/?p=12634"},"modified":"2024-08-14T14:46:34","modified_gmt":"2024-08-14T14:46:34","slug":"bell-ville-ulises-y-jorge-rojas-en-la-edicion-2024-de-la-fiesta-de-la-pelota","status":"publish","type":"post","link":"https:\/\/www.detalpalonoticias.com.ar\/wp\/bell-ville-ulises-y-jorge-rojas-en-la-edicion-2024-de-la-fiesta-de-la-pelota\/","title":{"rendered":"Bell Ville: Ulises y Jorge Rojas en la edici\u00f3n 2024 de la Fiesta de la Pelota."},"content":{"rendered":"\n<p>Jorge Rojas y Ulises Bueno ser\u00e1n los animadores centrales de la XXI Fiesta Nacional de la Pelota de F\u00fatbol.<\/p>\n\n\n\n<p>El intendente Juan Manuel Moroni, anunci\u00f3 que el s\u00e1bado 16 de noviembre pr\u00f3ximo, en el predio del ferrocarril, se desarrollar\u00e1 la XXI Fiesta Nacional de la Pelota de F\u00fatbol, con una calificada presentaci\u00f3n art\u00edstica encabezada por Jorge Rojas y Ulises Bueno.<\/p>\n\n\n<div class=\"wp-block-image\">\n<figure class=\"aligncenter size-full\"><a href=\"https:\/\/i0.wp.com\/www.detalpalonoticias.com.ar\/wp\/wp-content\/uploads\/2024\/08\/moro-1.jpg?ssl=1\"><img decoding=\"async\" loading=\"lazy\" width=\"600\" height=\"609\" src=\"https:\/\/i0.wp.com\/www.detalpalonoticias.com.ar\/wp\/wp-content\/uploads\/2024\/08\/moro-1.jpg?resize=600%2C609&#038;ssl=1\" alt=\"\" class=\"wp-image-12639\" srcset=\"https:\/\/i0.wp.com\/www.detalpalonoticias.com.ar\/wp\/wp-content\/uploads\/2024\/08\/moro-1.jpg?w=600&amp;ssl=1 600w, https:\/\/i0.wp.com\/www.detalpalonoticias.com.ar\/wp\/wp-content\/uploads\/2024\/08\/moro-1.jpg?resize=296%2C300&amp;ssl=1 296w\" sizes=\"(max-width: 600px) 100vw, 600px\" data-recalc-dims=\"1\" \/><\/a><\/figure><\/div>\n\n\n<p>Indic\u00f3 que tambi\u00e9n habr\u00e1 actividades como eventos deportivos como torneos de f\u00fatbol infantil y de las distintas <a><\/a>filiales locales de clubes nacionales, encuentros culturales, recreativos y otras presentaciones que se realizar\u00e1n en la semana previa.<\/p>\n\n\n\n<p>Asimismo, se\u00f1al\u00f3 que se contar\u00e1 con la participaci\u00f3n de artistas locales, para lo cual la Direcci\u00f3n de Cultura y Educaci\u00f3n est\u00e1 trabajando en la conformaci\u00f3n de la grilla.<\/p>\n\n\n\n<p>En otro orden, en los pr\u00f3ximos d\u00edas se lanzar\u00e1 el llamado a Concurso de Ideas para el desarrollo de la producci\u00f3n del evento.<\/p>\n\n\n\n<p>El jefe municipal, no descart\u00f3 que haya sorpresas para jerarquizar a\u00fan m\u00e1s la fiesta.<\/p>\n\n\n<div class=\"wp-block-image\">\n<figure class=\"aligncenter size-full\"><a href=\"https:\/\/i0.wp.com\/www.detalpalonoticias.com.ar\/wp\/wp-content\/uploads\/2024\/08\/FIESTA-DE-LA-PELOTA-2024.jpg?ssl=1\"><img decoding=\"async\" loading=\"lazy\" width=\"600\" height=\"341\" src=\"https:\/\/i0.wp.com\/www.detalpalonoticias.com.ar\/wp\/wp-content\/uploads\/2024\/08\/FIESTA-DE-LA-PELOTA-2024.jpg?resize=600%2C341&#038;ssl=1\" alt=\"\" class=\"wp-image-12640\" srcset=\"https:\/\/i0.wp.com\/www.detalpalonoticias.com.ar\/wp\/wp-content\/uploads\/2024\/08\/FIESTA-DE-LA-PELOTA-2024.jpg?w=600&amp;ssl=1 600w, https:\/\/i0.wp.com\/www.detalpalonoticias.com.ar\/wp\/wp-content\/uploads\/2024\/08\/FIESTA-DE-LA-PELOTA-2024.jpg?resize=300%2C171&amp;ssl=1 300w\" sizes=\"(max-width: 600px) 100vw, 600px\" data-recalc-dims=\"1\" \/><\/a><\/figure><\/div>","protected":false},"excerpt":{"rendered":"<p>Jorge Rojas y Ulises Bueno ser\u00e1n los animadores centrales de la XXI Fiesta Nacional de la Pelota de F\u00fatbol. El intendente Juan Manuel Moroni, anunci\u00f3 que el s\u00e1bado 16 de&hellip;<\/p>\n","protected":false},"author":4,"featured_media":12635,"comment_status":"closed","ping_status":"closed","sticky":false,"template":"","format":"standard","meta":{"jetpack_publicize_message":"","jetpack_is_tweetstorm":false,"jetpack_publicize_feature_enabled":true,"jetpack_social_post_already_shared":true,"jetpack_social_options":{"image_generator_settings":{"template":"highway","enabled":false}}},"categories":[294,25,1],"tags":[],"jetpack_publicize_connections":[],"jetpack_featured_media_url":"https:\/\/i0.wp.com\/www.detalpalonoticias.com.ar\/wp\/wp-content\/uploads\/2024\/08\/ULISES-ROJAS.jpg?fit=599%2C206&ssl=1","jetpack_sharing_enabled":true,"_links":{"self":[{"href":"https:\/\/www.detalpalonoticias.com.ar\/wp\/wp-json\/wp\/v2\/posts\/12634"}],"collection":[{"href":"https:\/\/www.detalpalonoticias.com.ar\/wp\/wp-json\/wp\/v2\/posts"}],"about":[{"href":"https:\/\/www.detalpalonoticias.com.ar\/wp\/wp-json\/wp\/v2\/types\/post"}],"author":[{"embeddable":true,"href":"https:\/\/www.detalpalonoticias.com.ar\/wp\/wp-json\/wp\/v2\/users\/4"}],"replies":[{"embeddable":true,"href":"https:\/\/www.detalpalonoticias.com.ar\/wp\/wp-json\/wp\/v2\/comments?post=12634"}],"version-history":[{"count":2,"href":"https:\/\/www.detalpalonoticias.com.ar\/wp\/wp-json\/wp\/v2\/posts\/12634\/revisions"}],"predecessor-version":[{"id":12641,"href":"https:\/\/www.detalpalonoticias.com.ar\/wp\/wp-json\/wp\/v2\/posts\/12634\/revisions\/12641"}],"wp:featuredmedia":[{"embeddable":true,"href":"https:\/\/www.detalpalonoticias.com.ar\/wp\/wp-json\/wp\/v2\/media\/12635"}],"wp:attachment":[{"href":"https:\/\/www.detalpalonoticias.com.ar\/wp\/wp-json\/wp\/v2\/media?parent=12634"}],"wp:term":[{"taxonomy":"category","embeddable":true,"href":"https:\/\/www.detalpalonoticias.com.ar\/wp\/wp-json\/wp\/v2\/categories?post=12634"},{"taxonomy":"post_tag","embeddable":true,"href":"https:\/\/www.detalpalonoticias.com.ar\/wp\/wp-json\/wp\/v2\/tags?post=12634"}],"curies":[{"name":"wp","href":"https:\/\/api.w.org\/{rel}","templated":true}]}}