{"id":12194,"date":"2024-01-25T00:52:52","date_gmt":"2024-01-25T00:52:52","guid":{"rendered":"http:\/\/www.detalpalonoticias.com.ar\/wp\/?p=12194"},"modified":"2024-04-15T14:20:19","modified_gmt":"2024-04-15T14:20:19","slug":"encontraron-el-cuerpo-sin-vida-de-la-persona-que-buscaban-en-el-embalse-de-rio-tercero","status":"publish","type":"post","link":"https:\/\/www.detalpalonoticias.com.ar\/wp\/encontraron-el-cuerpo-sin-vida-de-la-persona-que-buscaban-en-el-embalse-de-rio-tercero\/","title":{"rendered":"Encontraron el cuerpo sin vida de la persona que buscaban en el Embalse de R\u00edo Tercero"},"content":{"rendered":"\n<p>FUENTES JUDICIALES LE CONFIRMAN &nbsp;QUE APARECI\u00d3 UN CUERPO SIN VIDA FLOTANDO EN EL LAGO DE EMBALSE Y TRABAJAN PARA ESTABLECER SI SE TRATA DE LA PERSONA DESAPARECIDA QUE ERA BUSCADA INTENSAMENTE<\/p>\n\n\n\n<p>De acuerdo a lo que confirman fuentes Judiciales operativo de b\u00fasqueda llevado a cabo por la Duar y los cuarteles de Bomberos de la regi\u00f3n sufri\u00f3 un freno a \u00faltima hora de la tarde cuando emergi\u00f3 flotando el cuerpo sin vida de un hombre mayor de edad en el Lago de Embalse.<\/p>\n\n\n\n<p>Ampliaremos.<\/p>\n","protected":false},"excerpt":{"rendered":"<p>FUENTES JUDICIALES LE CONFIRMAN &nbsp;QUE APARECI\u00d3 UN CUERPO SIN VIDA FLOTANDO EN EL LAGO DE EMBALSE Y TRABAJAN PARA ESTABLECER SI SE TRATA DE LA PERSONA DESAPARECIDA QUE ERA BUSCADA&hellip;<\/p>\n","protected":false},"author":4,"featured_media":12195,"comment_status":"closed","ping_status":"closed","sticky":false,"template":"","format":"standard","meta":{"jetpack_publicize_message":"","jetpack_is_tweetstorm":false,"jetpack_publicize_feature_enabled":true,"jetpack_social_post_already_shared":true,"jetpack_social_options":{"image_generator_settings":{"template":"highway","enabled":false}}},"categories":[61,1,14],"tags":[],"jetpack_publicize_connections":[],"jetpack_featured_media_url":"https:\/\/i0.wp.com\/www.detalpalonoticias.com.ar\/wp\/wp-content\/uploads\/2024\/01\/EMBALSE-7.jpg?fit=2048%2C1536&ssl=1","jetpack_sharing_enabled":true,"_links":{"self":[{"href":"https:\/\/www.detalpalonoticias.com.ar\/wp\/wp-json\/wp\/v2\/posts\/12194"}],"collection":[{"href":"https:\/\/www.detalpalonoticias.com.ar\/wp\/wp-json\/wp\/v2\/posts"}],"about":[{"href":"https:\/\/www.detalpalonoticias.com.ar\/wp\/wp-json\/wp\/v2\/types\/post"}],"author":[{"embeddable":true,"href":"https:\/\/www.detalpalonoticias.com.ar\/wp\/wp-json\/wp\/v2\/users\/4"}],"replies":[{"embeddable":true,"href":"https:\/\/www.detalpalonoticias.com.ar\/wp\/wp-json\/wp\/v2\/comments?post=12194"}],"version-history":[{"count":1,"href":"https:\/\/www.detalpalonoticias.com.ar\/wp\/wp-json\/wp\/v2\/posts\/12194\/revisions"}],"predecessor-version":[{"id":12196,"href":"https:\/\/www.detalpalonoticias.com.ar\/wp\/wp-json\/wp\/v2\/posts\/12194\/revisions\/12196"}],"wp:featuredmedia":[{"embeddable":true,"href":"https:\/\/www.detalpalonoticias.com.ar\/wp\/wp-json\/wp\/v2\/media\/12195"}],"wp:attachment":[{"href":"https:\/\/www.detalpalonoticias.com.ar\/wp\/wp-json\/wp\/v2\/media?parent=12194"}],"wp:term":[{"taxonomy":"category","embeddable":true,"href":"https:\/\/www.detalpalonoticias.com.ar\/wp\/wp-json\/wp\/v2\/categories?post=12194"},{"taxonomy":"post_tag","embeddable":true,"href":"https:\/\/www.detalpalonoticias.com.ar\/wp\/wp-json\/wp\/v2\/tags?post=12194"}],"curies":[{"name":"wp","href":"https:\/\/api.w.org\/{rel}","templated":true}]}}