{"id":11146,"date":"2023-01-27T15:49:20","date_gmt":"2023-01-27T15:49:20","guid":{"rendered":"http:\/\/www.detalpalonoticias.com.ar\/wp\/?p=11146"},"modified":"2023-04-10T20:01:54","modified_gmt":"2023-04-10T20:01:54","slug":"restriccion-en-la-circulacion-de-camiones-en-todo-el-pais-por-el-recambio-turistico","status":"publish","type":"post","link":"https:\/\/www.detalpalonoticias.com.ar\/wp\/restriccion-en-la-circulacion-de-camiones-en-todo-el-pais-por-el-recambio-turistico\/","title":{"rendered":"Restricci\u00f3n en la circulaci\u00f3n de camiones en todo el pa\u00eds por el recambio tur\u00edstico."},"content":{"rendered":"\n<p><strong>La Agencia Nacional de Seguridad Vial (ANSV) anunci\u00f3 la medida en algunas rutas y autopistas del pa\u00eds para este viernes, s\u00e1bado y domingo\u00a0<\/strong>con el objetivo de \u00abprevenir y evitar congestionamientos\u00bb\u00a0<strong>por el recambio tur\u00edstico de la segunda quincena de enero<\/strong>, inform\u00f3 el organismo en un comunicado de prensa.Las restricciones tendr\u00e1n lugar este viernes 27, de 18 a 20.59; el s\u00e1bado 28, de 7 a 9.50; y el domingo 29, de 18 a 20.59.<\/p>\n\n\n\n<p>En esos horarios no se podr\u00e1 circular en la autopista Buenos Aires &#8211; La Plata, autopista Ricchieri &#8211; Oeste y Acceso Norte por la mano ascendente; en la Ruta Nacional (RN) N\u00b03, por ambas manos entre Lomas del Mirador y Bah\u00eda Blanca; y en la RN N\u00b07 en ambas manos desde Jun\u00edn a Villa Mercedes.<\/p>\n\n\n\n<p>Tambi\u00e9n se restringi\u00f3 la circulaci\u00f3n en ambas manos de todas las&nbsp;<strong>RN N\u00b05, 8, 11, 20, 22, 33, 34, 35, 38, 40, 105, 158, 174, 188, 205, 226 y 231.<\/strong><\/p>\n\n\n\n<p>Adem\u00e1s, se ver\u00e1n restringidas las dos manos desde Totoral hasta La Quiaca en la RN N\u00b09; desde Ceibas hasta Puerto Iguaz\u00fa en la RN N\u00b012; entre Paso de los Libres hasta San Jos\u00e9, en Misiones, en la RN N\u00b014; desde Makalle hasta Met\u00e1n en la RN N\u00b016 y&nbsp;<strong>desde San Francisco hasta C\u00f3rdoba en la RN N\u00b019.<\/strong><\/p>\n\n\n\n<p>La ANSV confecciona anualmente un calendario de fechas y horarios para ordenar la circulaci\u00f3n de veh\u00edculos de gran porte, restringiendo su circulaci\u00f3n en determinados d\u00edas, horarios, rutas nacionales y caminos interjurisdiccionales en los d\u00edas festivos, conmemorativos, fines de semana largos, y de recambio tur\u00edstico.<\/p>\n\n\n\n<p>El objetivo es \u00abprevenir y evitar congestionamientos para ciertas fechas que presentan un mayor grado de riesgo en la circulaci\u00f3n, generado principalmente por el aumento del flujo vehicular y la confluencia de veh\u00edculos de gran porte con los de uso particular\u00bb, inform\u00f3 la agencia.<\/p>\n\n\n\n<p>En este sentido, tambi\u00e9n advirti\u00f3 que \u00ablas consecuencias derivadas de un siniestro vial en las que participa un veh\u00edculo de transporte automotor de gran porte, independientemente de quien resulte eventual responsable de aquel, son m\u00e1s gravosas que cuando participan solamente veh\u00edculos de uso particular\u00bb.<\/p>\n","protected":false},"excerpt":{"rendered":"<p>La Agencia Nacional de Seguridad Vial (ANSV) anunci\u00f3 la medida en algunas rutas y autopistas del pa\u00eds para este viernes, s\u00e1bado y domingo\u00a0con el objetivo de \u00abprevenir y evitar congestionamientos\u00bb\u00a0por&hellip;<\/p>\n","protected":false},"author":4,"featured_media":11147,"comment_status":"closed","ping_status":"closed","sticky":false,"template":"","format":"standard","meta":{"jetpack_publicize_message":"","jetpack_is_tweetstorm":false,"jetpack_publicize_feature_enabled":true,"jetpack_social_post_already_shared":true,"jetpack_social_options":{"image_generator_settings":{"template":"highway","enabled":false}}},"categories":[291,1],"tags":[],"jetpack_publicize_connections":[],"jetpack_featured_media_url":"https:\/\/i0.wp.com\/www.detalpalonoticias.com.ar\/wp\/wp-content\/uploads\/2023\/01\/camiones-en-ruta.jpg?fit=600%2C399&ssl=1","jetpack_sharing_enabled":true,"_links":{"self":[{"href":"https:\/\/www.detalpalonoticias.com.ar\/wp\/wp-json\/wp\/v2\/posts\/11146"}],"collection":[{"href":"https:\/\/www.detalpalonoticias.com.ar\/wp\/wp-json\/wp\/v2\/posts"}],"about":[{"href":"https:\/\/www.detalpalonoticias.com.ar\/wp\/wp-json\/wp\/v2\/types\/post"}],"author":[{"embeddable":true,"href":"https:\/\/www.detalpalonoticias.com.ar\/wp\/wp-json\/wp\/v2\/users\/4"}],"replies":[{"embeddable":true,"href":"https:\/\/www.detalpalonoticias.com.ar\/wp\/wp-json\/wp\/v2\/comments?post=11146"}],"version-history":[{"count":1,"href":"https:\/\/www.detalpalonoticias.com.ar\/wp\/wp-json\/wp\/v2\/posts\/11146\/revisions"}],"predecessor-version":[{"id":11148,"href":"https:\/\/www.detalpalonoticias.com.ar\/wp\/wp-json\/wp\/v2\/posts\/11146\/revisions\/11148"}],"wp:featuredmedia":[{"embeddable":true,"href":"https:\/\/www.detalpalonoticias.com.ar\/wp\/wp-json\/wp\/v2\/media\/11147"}],"wp:attachment":[{"href":"https:\/\/www.detalpalonoticias.com.ar\/wp\/wp-json\/wp\/v2\/media?parent=11146"}],"wp:term":[{"taxonomy":"category","embeddable":true,"href":"https:\/\/www.detalpalonoticias.com.ar\/wp\/wp-json\/wp\/v2\/categories?post=11146"},{"taxonomy":"post_tag","embeddable":true,"href":"https:\/\/www.detalpalonoticias.com.ar\/wp\/wp-json\/wp\/v2\/tags?post=11146"}],"curies":[{"name":"wp","href":"https:\/\/api.w.org\/{rel}","templated":true}]}}